{"id":6621,"date":"2026-04-29T13:06:19","date_gmt":"2026-04-29T12:06:19","guid":{"rendered":"https:\/\/www.credafin.be\/privatkredit\/konsumkredit-der-markt-bleibt-dynamisch"},"modified":"2026-04-29T13:06:19","modified_gmt":"2026-04-29T12:06:19","slug":"konsumkredit-der-markt-bleibt-dynamisch","status":"publish","type":"post","link":"https:\/\/www.credafin.be\/de\/privatkredit\/konsumkredit-der-markt-bleibt-dynamisch","title":{"rendered":"Konsumkredit: Der Markt bleibt dynamisch"},"content":{"rendered":"<p style=\"text-align: justify\"><strong>Europ&auml;er z&ouml;gern nicht mehr, auf Konsumkredite zur&uuml;ckzugreifen. Hier sind die neuesten Zahlen.&nbsp;&nbsp;<\/strong><\/p>\n<p><!--more--><\/p>\n<h2 style=\"text-align: justify\"><a href=\"https:\/\/www.credafin.be\/de\/ratenkredit\">Konsumkredit<\/a>: Vielversprechende Zahlen<\/h2>\n<p style=\"text-align: justify\">Der Konsumkredit oder <a target=\"_blank\" href=\"https:\/\/www.credafin.be\/de\/pret-personnel\" rel=\"noopener\">Privatkredit<\/a> verzeichnet in diesem Jahr ein au&szlig;ergew&ouml;hnliches Wachstum. Und mit <a href=\"https:\/\/www.linternaute.fr\/auto\/guide-pratique-auto\/1408894-loa-ce-qu-il-faut-savoir-sur-la-location-avec-option-d-achat\/\">der Option f&uuml;r den Autokauf<\/a> (LOA-Autos) zeigt die Kurve weiterhin nach oben.<\/p>\n<h2 style=\"text-align: justify\">Ein Wachstum von fast 5 % pro Jahr<\/h2>\n<p style=\"text-align: justify\">Im zweiten Quartal 2017 &uuml;bersteigt der Konsumkredit in Europa 163 Milliarden Euro. Das j&auml;hrliche Wachstum liegt bei etwa 5 % (genau 4,7 %). Auch wenn diese Zahl im Vergleich zum ersten Quartal (mit +5,8 %) gesunken ist, muss man sagen, dass der Privatkredit floriert.<\/p>\n<p style=\"text-align: justify\">In Belgien gibt es derzeit eine Abschw\u00e4chung. Die Zahlen liegen unter denen der Eurozone (+5,9 %). Die BNB berichtet von einem Anstieg von 6,2 % im ersten Quartal und 2,2 % im zweiten Quartal 2017.<\/p>\n<h2 style=\"text-align: justify\">Jede Kreditart hat ihre eigene Entwicklung<\/h2>\n<p style=\"text-align: justify\">Es gibt zwei Arten von Konsumkrediten: den <strong>abzahlungsfreien Kredit<\/strong> und den <strong>revolvierenden Kredit<\/strong>. Ersterer ist nichts anderes als der abbezahlte Kredit. Sie haben einen Tilgungsplan mit monatlichen Raten. Der zweite ist eine andere Form von Privatkredit. Er wird als Geldreserve angesehen. Nur der in Anspruch genommene Teil wird zur&uuml;ckgezahlt. Die Gelder, die Ihnen vollst&auml;ndig zur Verf&uuml;gung stehen, k&ouml;nnen f&uuml;r sofortigen Bedarf genutzt werden.<\/p>\n<p style=\"text-align: justify\">Im Vergleich zum November 2016 zeigen abzahlungsfreie Kredite einen Anstieg von +6,1 %. Revolvierende Kredite erleben einen starken R&uuml;ckgang, mit 2,6 % gegen&uuml;ber -1,9 % vor nur 3 Monaten.<\/p>\n<h2 style=\"text-align: justify\">Belgien: Die <a href=\"https:\/\/www.credafin.be\/de\/pret-personnel\">Konsumkredite<\/a> sind r&uuml;ckl&auml;ufig<\/h2>\n<p style=\"text-align: justify\">F&uuml;r die beiden genannten Arten von <a href=\"https:\/\/www.credafin.be\/de\/pret-personnel\">Privatkredit<\/a> scheinen die Raten im Vergleich zur Eurozone r&uuml;ckl&auml;ufig zu sein. Wenn der Durchschnittszinssatz in Europa bei 5,62 % liegt, so betr&auml;gt der Zinssatz der abzahlungsfreien Kredite in Belgien 3,72 %. Revolvierende Kredite liegen bei 8,5 %, davon 5,58 % bei Banken und 12,57 % bei anderen Institutionen.<\/p>\n<h2 style=\"text-align: justify\">Leasing-Kredite brechen Rekorde<\/h2>\n<p style=\"text-align: justify\">Leasing mit Kaufoption (LOA) oder Leasing-Kredite sind der Grund f&uuml;r dieses Wachstum des Privatkredits. Es wird ein Anstieg von +25,3 % verzeichnet, gegen&uuml;ber 23,5 % im letzten Jahr.<\/p>\n","protected":false},"excerpt":{"rendered":"<p>Konsumkredit: Profitieren Sie vom dynamischen Markt und erf\u00fcllen Sie Ihre W\u00fcnsche \u2013 Jetzt mehr erfahren!<\/p>\n","protected":false},"author":22,"featured_media":4501,"comment_status":"closed","ping_status":"closed","sticky":false,"template":"","format":"standard","meta":{"_yoast_wpseo_focuskw":"Konsumkredit","_yoast_wpseo_title":"Konsumkredit: Markt bleibt dynamisch | Jetzt profitieren!","_yoast_wpseo_metadesc":"Konsumkredit nutzen und vom dynamischen Markt profitieren: Entdecken Sie jetzt alle Vorteile und starten Sie durch!","_yoast_wpseo_meta-robots-noindex":"","_yoast_wpseo_meta-robots-nofollow":"","_yoast_wpseo_canonical":"https:\/\/www.credafin.be\/de\/privatkredit\/konsumkredit-der-markt-bleibt-dynamisch","_yoast_wpseo_focuskw_text":"Konsumkredit","_yoast_wpseo_schema":"Article","footnotes":""},"categories":[61],"tags":[],"class_list":["post-6621","post","type-post","status-publish","format-standard","has-post-thumbnail","hentry","category-privatkredit"],"yoast_head":"<!-- This site is optimized with the Yoast SEO plugin v27.4 - https:\/\/yoast.com\/product\/yoast-seo-wordpress\/ -->\n<title>Konsumkredit: Markt bleibt dynamisch | Jetzt profitieren!<\/title>\n<meta name=\"description\" content=\"Konsumkredit nutzen und vom dynamischen Markt profitieren: Entdecken Sie jetzt alle Vorteile und starten Sie durch!\" \/>\n<meta name=\"robots\" content=\"index, follow, max-snippet:-1, max-image-preview:large, max-video-preview:-1\" \/>\n<link rel=\"canonical\" href=\"https:\/\/www.credafin.be\/de\/privatkredit\/konsumkredit-der-markt-bleibt-dynamisch\" \/>\n<meta property=\"og:locale\" content=\"de_DE\" \/>\n<meta property=\"og:type\" content=\"article\" \/>\n<meta property=\"og:title\" content=\"Konsumkredit: Markt bleibt dynamisch | Jetzt profitieren!\" \/>\n<meta property=\"og:description\" content=\"Konsumkredit nutzen und vom dynamischen Markt profitieren: Entdecken Sie jetzt alle Vorteile und starten Sie durch!\" \/>\n<meta property=\"og:url\" content=\"https:\/\/www.credafin.be\/de\/privatkredit\/konsumkredit-der-markt-bleibt-dynamisch\" \/>\n<meta property=\"og:site_name\" content=\"Credafin\" \/>\n<meta property=\"article:publisher\" content=\"http:\/\/www.facebook.com\/Credafin.be\" \/>\n<meta property=\"article:published_time\" content=\"2026-04-29T12:06:19+00:00\" \/>\n<meta property=\"og:image\" content=\"https:\/\/www.credafin.be\/wp-content\/uploads\/2017\/11\/credit-a-la-consommation.jpg\" \/>\n\t<meta property=\"og:image:width\" content=\"780\" \/>\n\t<meta property=\"og:image:height\" content=\"300\" \/>\n\t<meta property=\"og:image:type\" content=\"image\/jpeg\" \/>\n<meta name=\"author\" content=\"Francis\" \/>\n<meta name=\"twitter:card\" content=\"summary_large_image\" \/>\n<meta name=\"twitter:creator\" content=\"@Credafinbe\" \/>\n<meta name=\"twitter:site\" content=\"@Credafinbe\" \/>\n<meta name=\"twitter:label1\" content=\"Written by\" \/>\n\t<meta name=\"twitter:data1\" content=\"Francis\" \/>\n\t<meta name=\"twitter:label2\" content=\"Est. reading time\" \/>\n\t<meta name=\"twitter:data2\" content=\"2 minutes\" \/>\n<script type=\"application\/ld+json\" class=\"yoast-schema-graph\">{\"@context\":\"https:\\\/\\\/schema.org\",\"@graph\":[{\"@type\":\"Article\",\"@id\":\"https:\\\/\\\/www.credafin.be\\\/de\\\/privatkredit\\\/konsumkredit-der-markt-bleibt-dynamisch#article\",\"isPartOf\":{\"@id\":\"https:\\\/\\\/www.credafin.be\\\/de\\\/privatkredit\\\/konsumkredit-der-markt-bleibt-dynamisch\"},\"author\":{\"name\":\"Francis\",\"@id\":\"https:\\\/\\\/www.credafin.be\\\/#\\\/schema\\\/person\\\/70c671b64eb39e446f9b3fe8cab23f85\"},\"headline\":\"Konsumkredit: Der Markt bleibt dynamisch\",\"datePublished\":\"2026-04-29T12:06:19+00:00\",\"mainEntityOfPage\":{\"@id\":\"https:\\\/\\\/www.credafin.be\\\/de\\\/privatkredit\\\/konsumkredit-der-markt-bleibt-dynamisch\"},\"wordCount\":330,\"image\":{\"@id\":\"https:\\\/\\\/www.credafin.be\\\/de\\\/privatkredit\\\/konsumkredit-der-markt-bleibt-dynamisch#primaryimage\"},\"thumbnailUrl\":\"https:\\\/\\\/www.credafin.be\\\/wp-content\\\/uploads\\\/2017\\\/11\\\/credit-a-la-consommation.jpg\",\"articleSection\":[\"Privatkredit\"],\"inLanguage\":\"de-BE\"},{\"@type\":\"WebPage\",\"@id\":\"https:\\\/\\\/www.credafin.be\\\/de\\\/privatkredit\\\/konsumkredit-der-markt-bleibt-dynamisch\",\"url\":\"https:\\\/\\\/www.credafin.be\\\/de\\\/privatkredit\\\/konsumkredit-der-markt-bleibt-dynamisch\",\"name\":\"Konsumkredit: Markt bleibt dynamisch | Jetzt profitieren!\",\"isPartOf\":{\"@id\":\"https:\\\/\\\/www.credafin.be\\\/#website\"},\"primaryImageOfPage\":{\"@id\":\"https:\\\/\\\/www.credafin.be\\\/de\\\/privatkredit\\\/konsumkredit-der-markt-bleibt-dynamisch#primaryimage\"},\"image\":{\"@id\":\"https:\\\/\\\/www.credafin.be\\\/de\\\/privatkredit\\\/konsumkredit-der-markt-bleibt-dynamisch#primaryimage\"},\"thumbnailUrl\":\"https:\\\/\\\/www.credafin.be\\\/wp-content\\\/uploads\\\/2017\\\/11\\\/credit-a-la-consommation.jpg\",\"datePublished\":\"2026-04-29T12:06:19+00:00\",\"author\":{\"@id\":\"https:\\\/\\\/www.credafin.be\\\/#\\\/schema\\\/person\\\/70c671b64eb39e446f9b3fe8cab23f85\"},\"description\":\"Konsumkredit nutzen und vom dynamischen Markt profitieren: Entdecken Sie jetzt alle Vorteile und starten Sie durch!\",\"breadcrumb\":{\"@id\":\"https:\\\/\\\/www.credafin.be\\\/de\\\/privatkredit\\\/konsumkredit-der-markt-bleibt-dynamisch#breadcrumb\"},\"inLanguage\":\"de-BE\",\"potentialAction\":[{\"@type\":\"ReadAction\",\"target\":[\"https:\\\/\\\/www.credafin.be\\\/de\\\/privatkredit\\\/konsumkredit-der-markt-bleibt-dynamisch\"]}]},{\"@type\":\"ImageObject\",\"inLanguage\":\"de-BE\",\"@id\":\"https:\\\/\\\/www.credafin.be\\\/de\\\/privatkredit\\\/konsumkredit-der-markt-bleibt-dynamisch#primaryimage\",\"url\":\"https:\\\/\\\/www.credafin.be\\\/wp-content\\\/uploads\\\/2017\\\/11\\\/credit-a-la-consommation.jpg\",\"contentUrl\":\"https:\\\/\\\/www.credafin.be\\\/wp-content\\\/uploads\\\/2017\\\/11\\\/credit-a-la-consommation.jpg\",\"width\":780,\"height\":300,\"caption\":\"Cr\u00e9dit \u00e0 la consommation: le march\u00e9 reste dynamique\"},{\"@type\":\"BreadcrumbList\",\"@id\":\"https:\\\/\\\/www.credafin.be\\\/de\\\/privatkredit\\\/konsumkredit-der-markt-bleibt-dynamisch#breadcrumb\",\"itemListElement\":[{\"@type\":\"ListItem\",\"position\":1,\"name\":\"Home\",\"item\":\"https:\\\/\\\/www.credafin.be\\\/de\\\/credafin-ihre-kredite-zu-besten-zinsen\"},{\"@type\":\"ListItem\",\"position\":2,\"name\":\"Konsumkredit: Der Markt bleibt dynamisch\"}]},{\"@type\":\"WebSite\",\"@id\":\"https:\\\/\\\/www.credafin.be\\\/#website\",\"url\":\"https:\\\/\\\/www.credafin.be\\\/\",\"name\":\"Credafin\",\"description\":\"Oxyg\u00e9nez votre budget en toute s\u00e9r\u00e9nit\u00e9\",\"potentialAction\":[{\"@type\":\"SearchAction\",\"target\":{\"@type\":\"EntryPoint\",\"urlTemplate\":\"https:\\\/\\\/www.credafin.be\\\/?s={search_term_string}\"},\"query-input\":{\"@type\":\"PropertyValueSpecification\",\"valueRequired\":true,\"valueName\":\"search_term_string\"}}],\"inLanguage\":\"de-BE\"},{\"@type\":\"Person\",\"@id\":\"https:\\\/\\\/www.credafin.be\\\/#\\\/schema\\\/person\\\/70c671b64eb39e446f9b3fe8cab23f85\",\"name\":\"Francis\",\"image\":{\"@type\":\"ImageObject\",\"inLanguage\":\"de-BE\",\"@id\":\"https:\\\/\\\/secure.gravatar.com\\\/avatar\\\/95c37fb161955bf8a86a4b7cfe6027037cd233bc5e3224f68db964c5abd69002?s=96&d=mm&r=g\",\"url\":\"https:\\\/\\\/secure.gravatar.com\\\/avatar\\\/95c37fb161955bf8a86a4b7cfe6027037cd233bc5e3224f68db964c5abd69002?s=96&d=mm&r=g\",\"contentUrl\":\"https:\\\/\\\/secure.gravatar.com\\\/avatar\\\/95c37fb161955bf8a86a4b7cfe6027037cd233bc5e3224f68db964c5abd69002?s=96&d=mm&r=g\",\"caption\":\"Francis\"}}]}<\/script>\n<!-- \/ Yoast SEO plugin. -->","yoast_head_json":{"title":"Konsumkredit: Markt bleibt dynamisch | Jetzt profitieren!","description":"Konsumkredit nutzen und vom dynamischen Markt profitieren: Entdecken Sie jetzt alle Vorteile und starten Sie durch!","robots":{"index":"index","follow":"follow","max-snippet":"max-snippet:-1","max-image-preview":"max-image-preview:large","max-video-preview":"max-video-preview:-1"},"canonical":"https:\/\/www.credafin.be\/de\/privatkredit\/konsumkredit-der-markt-bleibt-dynamisch","og_locale":"de_DE","og_type":"article","og_title":"Konsumkredit: Markt bleibt dynamisch | Jetzt profitieren!","og_description":"Konsumkredit nutzen und vom dynamischen Markt profitieren: Entdecken Sie jetzt alle Vorteile und starten Sie durch!","og_url":"https:\/\/www.credafin.be\/de\/privatkredit\/konsumkredit-der-markt-bleibt-dynamisch","og_site_name":"Credafin","article_publisher":"http:\/\/www.facebook.com\/Credafin.be","article_published_time":"2026-04-29T12:06:19+00:00","og_image":[{"width":780,"height":300,"url":"https:\/\/www.credafin.be\/wp-content\/uploads\/2017\/11\/credit-a-la-consommation.jpg","type":"image\/jpeg"}],"author":"Francis","twitter_card":"summary_large_image","twitter_creator":"@Credafinbe","twitter_site":"@Credafinbe","twitter_misc":{"Written by":"Francis","Est. reading time":"2 minutes"},"schema":{"@context":"https:\/\/schema.org","@graph":[{"@type":"Article","@id":"https:\/\/www.credafin.be\/de\/privatkredit\/konsumkredit-der-markt-bleibt-dynamisch#article","isPartOf":{"@id":"https:\/\/www.credafin.be\/de\/privatkredit\/konsumkredit-der-markt-bleibt-dynamisch"},"author":{"name":"Francis","@id":"https:\/\/www.credafin.be\/#\/schema\/person\/70c671b64eb39e446f9b3fe8cab23f85"},"headline":"Konsumkredit: Der Markt bleibt dynamisch","datePublished":"2026-04-29T12:06:19+00:00","mainEntityOfPage":{"@id":"https:\/\/www.credafin.be\/de\/privatkredit\/konsumkredit-der-markt-bleibt-dynamisch"},"wordCount":330,"image":{"@id":"https:\/\/www.credafin.be\/de\/privatkredit\/konsumkredit-der-markt-bleibt-dynamisch#primaryimage"},"thumbnailUrl":"https:\/\/www.credafin.be\/wp-content\/uploads\/2017\/11\/credit-a-la-consommation.jpg","articleSection":["Privatkredit"],"inLanguage":"de-BE"},{"@type":"WebPage","@id":"https:\/\/www.credafin.be\/de\/privatkredit\/konsumkredit-der-markt-bleibt-dynamisch","url":"https:\/\/www.credafin.be\/de\/privatkredit\/konsumkredit-der-markt-bleibt-dynamisch","name":"Konsumkredit: Markt bleibt dynamisch | Jetzt profitieren!","isPartOf":{"@id":"https:\/\/www.credafin.be\/#website"},"primaryImageOfPage":{"@id":"https:\/\/www.credafin.be\/de\/privatkredit\/konsumkredit-der-markt-bleibt-dynamisch#primaryimage"},"image":{"@id":"https:\/\/www.credafin.be\/de\/privatkredit\/konsumkredit-der-markt-bleibt-dynamisch#primaryimage"},"thumbnailUrl":"https:\/\/www.credafin.be\/wp-content\/uploads\/2017\/11\/credit-a-la-consommation.jpg","datePublished":"2026-04-29T12:06:19+00:00","author":{"@id":"https:\/\/www.credafin.be\/#\/schema\/person\/70c671b64eb39e446f9b3fe8cab23f85"},"description":"Konsumkredit nutzen und vom dynamischen Markt profitieren: Entdecken Sie jetzt alle Vorteile und starten Sie durch!","breadcrumb":{"@id":"https:\/\/www.credafin.be\/de\/privatkredit\/konsumkredit-der-markt-bleibt-dynamisch#breadcrumb"},"inLanguage":"de-BE","potentialAction":[{"@type":"ReadAction","target":["https:\/\/www.credafin.be\/de\/privatkredit\/konsumkredit-der-markt-bleibt-dynamisch"]}]},{"@type":"ImageObject","inLanguage":"de-BE","@id":"https:\/\/www.credafin.be\/de\/privatkredit\/konsumkredit-der-markt-bleibt-dynamisch#primaryimage","url":"https:\/\/www.credafin.be\/wp-content\/uploads\/2017\/11\/credit-a-la-consommation.jpg","contentUrl":"https:\/\/www.credafin.be\/wp-content\/uploads\/2017\/11\/credit-a-la-consommation.jpg","width":780,"height":300,"caption":"Cr\u00e9dit \u00e0 la consommation: le march\u00e9 reste dynamique"},{"@type":"BreadcrumbList","@id":"https:\/\/www.credafin.be\/de\/privatkredit\/konsumkredit-der-markt-bleibt-dynamisch#breadcrumb","itemListElement":[{"@type":"ListItem","position":1,"name":"Home","item":"https:\/\/www.credafin.be\/de\/credafin-ihre-kredite-zu-besten-zinsen"},{"@type":"ListItem","position":2,"name":"Konsumkredit: Der Markt bleibt dynamisch"}]},{"@type":"WebSite","@id":"https:\/\/www.credafin.be\/#website","url":"https:\/\/www.credafin.be\/","name":"Credafin","description":"Oxyg\u00e9nez votre budget en toute s\u00e9r\u00e9nit\u00e9","potentialAction":[{"@type":"SearchAction","target":{"@type":"EntryPoint","urlTemplate":"https:\/\/www.credafin.be\/?s={search_term_string}"},"query-input":{"@type":"PropertyValueSpecification","valueRequired":true,"valueName":"search_term_string"}}],"inLanguage":"de-BE"},{"@type":"Person","@id":"https:\/\/www.credafin.be\/#\/schema\/person\/70c671b64eb39e446f9b3fe8cab23f85","name":"Francis","image":{"@type":"ImageObject","inLanguage":"de-BE","@id":"https:\/\/secure.gravatar.com\/avatar\/95c37fb161955bf8a86a4b7cfe6027037cd233bc5e3224f68db964c5abd69002?s=96&d=mm&r=g","url":"https:\/\/secure.gravatar.com\/avatar\/95c37fb161955bf8a86a4b7cfe6027037cd233bc5e3224f68db964c5abd69002?s=96&d=mm&r=g","contentUrl":"https:\/\/secure.gravatar.com\/avatar\/95c37fb161955bf8a86a4b7cfe6027037cd233bc5e3224f68db964c5abd69002?s=96&d=mm&r=g","caption":"Francis"}}]}},"_links":{"self":[{"href":"https:\/\/www.credafin.be\/de\/wp-json\/wp\/v2\/posts\/6621","targetHints":{"allow":["GET"]}}],"collection":[{"href":"https:\/\/www.credafin.be\/de\/wp-json\/wp\/v2\/posts"}],"about":[{"href":"https:\/\/www.credafin.be\/de\/wp-json\/wp\/v2\/types\/post"}],"author":[{"embeddable":true,"href":"https:\/\/www.credafin.be\/de\/wp-json\/wp\/v2\/users\/22"}],"replies":[{"embeddable":true,"href":"https:\/\/www.credafin.be\/de\/wp-json\/wp\/v2\/comments?post=6621"}],"version-history":[{"count":4,"href":"https:\/\/www.credafin.be\/de\/wp-json\/wp\/v2\/posts\/6621\/revisions"}],"predecessor-version":[{"id":8045,"href":"https:\/\/www.credafin.be\/de\/wp-json\/wp\/v2\/posts\/6621\/revisions\/8045"}],"wp:featuredmedia":[{"embeddable":true,"href":"https:\/\/www.credafin.be\/de\/wp-json\/wp\/v2\/media\/4501"}],"wp:attachment":[{"href":"https:\/\/www.credafin.be\/de\/wp-json\/wp\/v2\/media?parent=6621"}],"wp:term":[{"taxonomy":"category","embeddable":true,"href":"https:\/\/www.credafin.be\/de\/wp-json\/wp\/v2\/categories?post=6621"},{"taxonomy":"post_tag","embeddable":true,"href":"https:\/\/www.credafin.be\/de\/wp-json\/wp\/v2\/tags?post=6621"}],"curies":[{"name":"wp","href":"https:\/\/api.w.org\/{rel}","templated":true}]}}