{"id":6599,"date":"2026-04-27T12:18:23","date_gmt":"2026-04-27T11:18:23","guid":{"rendered":"https:\/\/www.credafin.be\/ausleihen\/steht-ein-projekt-zur-bertragung-der-regelung-kollektiver-schulden-auf-die-friedensgerichte-bevor"},"modified":"2026-04-27T12:18:23","modified_gmt":"2026-04-27T11:18:23","slug":"kollektive-schulden-friedensgerichte","status":"publish","type":"post","link":"https:\/\/www.credafin.be\/de\/ausleihen\/kollektive-schulden-friedensgerichte","title":{"rendered":"Projekt zur &Uuml;bertragung kollektiver Schulden an Friedensgerichte?"},"content":{"rendered":"<p style=\"text-align: justify\"><strong>Koen Geens, der Justizminister, hat seine Absicht angek&uuml;ndigt, die Regelung kollektiver Schulden zu einer Zust&auml;ndigkeit der Friedensgerichte zu machen. Erkl&auml;rungen.\u00a0<\/strong><\/p>\n<p style=\"text-align: justify\"><!--more--><\/p>\n<h2 style=\"text-align: justify\">Ein Projekt in &Uuml;berlegung<\/h2>\n<p style=\"text-align: justify\">Zu Beginn des Jahres 2017 verk&uuml;ndete Justizminister Koen Geens eine bevorstehende Reform des Systems der Rechtsbeihilfe f&uuml;r die &auml;rmsten Menschen. Zu diesem Thema stimmte die t&auml;gliche Zeitung Le Soir einem Interview mit ihm zu. Dieses endete mit der Frage zur Abschaffung der Friedensgerichte. Der Minister dementierte diese Entscheidung! Und verk&uuml;ndete sogar eine St&auml;rkung ihrer Zust&auml;ndigkeiten, insbesondere im Hinblick auf die <strong>Regelung kollektiver Schulden<\/strong>.<\/p>\n<p style=\"text-align: justify\">Im Oktober 2017, w&auml;hrend er seine &#8220;Court of the Future&#8221;, seine Vision des Gerichts der Zukunft, pr&auml;sentierte, k&uuml;ndigte der Minister seinen Wunsch an, die Zust&auml;ndigkeit der Regelung kollektiver Schulden von den Friedensrichtern verwalten zu lassen. Diese Zust&auml;ndigkeit wurde bis 2007 vom Vollstreckungsgericht verwaltet, dann vom Arbeitsgericht.<\/p>\n<p style=\"text-align: justify\">Die Regierung, die sich damals auf den Wunsch zur Wahrung der Menschenw&uuml;rde (<a href=\"https:\/\/www.credafin.be\/de\/pret-personnel\">insbesondere in Bezug auf den Privatkredit<\/a>) st&uuml;tzte, bem&uuml;hte sich, die sozialen Realit&auml;ten der verschuldeten Menschen, die keinen Nutzen aus einer Umschuldung zogen, zu verstehen. Sie griffen auf geeignete Werkzeuge zur&uuml;ck, um die Regelung kollektiver Schulden zu verwalten. Ein Projekt zur Digitalisierung mit dem Namen Phenix, das das System der Justizverwaltung radikal &auml;ndern sollte, wurde in Betracht gezogen, aber niemals verwirklicht. Tats&auml;chlich wurden seit 2007 alle neuen F&auml;lle an das Arbeitsgericht &uuml;bertragen.<\/p>\n<p style=\"text-align: justify\">Neben dem Versuch einer sozialeren Herangehensweise an diese F&auml;lle war das Ziel dieses Transfers auch, die Arbeitsbelastung des Vollstreckungsgerichts zu verringern. Doch innerhalb weniger Jahre zeigte auch das Arbeitsgericht seine Grenzen, insbesondere in Bezug auf die Personalanzahl zur Bew&auml;ltigung dieser &Uuml;berlastung.<\/p>\n<h3><\/h3>\n<h3 style=\"text-align: justify\">Warum heute ein Projekt zur &Uuml;bertragung auf das Friedensgericht?<\/h3>\n<p style=\"text-align: justify\">Man versucht zu denken, dass die Einrichtung des Familiengerichts die Arbeitsbelastung der Friedensgerichte erheblich verringert hat. Und dass diese daher in der Lage sind, den Transfer zu bew&auml;ltigen. Dennoch bearbeiten sie nun (seit Sommer 2014) Masseverfahren in Bezug auf die Eintreibung verschiedener, unbezahlter Schulden von Wasser- und Stromanbietern, die Eintreibung von Privatkrediten, <a href=\"https:\/\/www.credafin.be\/de\/kreditbundelung\">Umschuldungen<\/a> etc. Wenn der Transfer stattfindet, m&uuml;sste das Friedensgericht gleichzeitig den Schutz der unter vor&uuml;bergehender Verwahrung stehenden Person und den Schutz der Gl&auml;ubiger sicherstellen. Eine etwas komplizierte Situation&#8230;<\/p>\n<p style=\"text-align: justify\">Aus Verf&uuml;gbarkeitsgr&uuml;nden gibt es sicherlich mehr Friedensrichter als Arbeitsrichter, und sie k&ouml;nnten die F&auml;lle besser verteilen. Insbesondere diejenigen, die mit Privatkrediten und Umschuldungen in Zusammenhang stehen, die sehr zahlreich sind. Dar&uuml;ber hinaus behauptet der Minister, dass dieser &Uuml;bergang mit einem Plan zur Digitalisierung der Justiz verbunden ist, um die Arbeitsbelastung zu verringern. Diese Digitalisierung, die f&uuml;r 2018 geplant ist, aber ob sie wirklich m&ouml;glich ist? Das ist eine der Fragen, die offen bleiben. Zu beachten ist, dass eine intensive Schulung f&uuml;r die Richter und das Personal der Gesch&auml;ftsf&uuml;hrer erforderlich sein wird, um dieses neue Werkzeug zu verwalten.<\/p>\n<p style=\"text-align: justify\">Schlie&szlig;lich gibt es ein Problem in Bezug auf die Rechtsprechung. Was die Regelung kollektiver Schulden betrifft, kann diese innerhalb derselben Gerichtsbarkeit variieren. Es w&auml;re daher wichtig, dass dieser &Uuml;bergang keine noch gr&ouml;&szlig;ere Abweichung schafft.<\/p>\n<h2><\/h2>\n<h2 style=\"text-align: justify\">Ziemlich viele Fragen&#8230;<\/h2>\n<p style=\"text-align: justify\">Letztendlich stellen sich mehrere Fragen bez&uuml;glich dieses Transfers. W&auml;re eine &Uuml;berarbeitung des Gesetzes vorerst nicht vorzuziehen? Hat der Friedensrichter wirklich die Zeit, die Eintreibung von Privatkrediten und Umschuldungen zu verwalten? Ist die Frist bis zur Einf&uuml;hrung der Digitalisierung nicht zu knapp angesichts der Schulung, die daf&uuml;r erforderlich ist?<\/p>\n<p style=\"text-align: center\"><strong>All dies erfordert eine ernsthafte &Uuml;berlegung durch alle beteiligten Akteure.<\/strong><\/p>\n","protected":false},"excerpt":{"rendered":"<p>Erfahren Sie jetzt, wie sich die Regelung kollektiver Schulden auf die Friedensgerichte verlagern k\u00f6nnte und was das f\u00fcr Sie bedeutet!<\/p>\n","protected":false},"author":22,"featured_media":4487,"comment_status":"closed","ping_status":"closed","sticky":false,"template":"","format":"standard","meta":{"_yoast_wpseo_focuskw":"Regelung kollektiver Schulden","_yoast_wpseo_title":"Kollektive Schulden an Friedensgerichte? | Credafin","_yoast_wpseo_metadesc":"Erfahren Sie alles \u00fcber die geplante \u00dcbertragung der Regelung kollektiver Schulden auf die Friedensgerichte und wie es Sie betreffen k\u00f6nnte!","_yoast_wpseo_meta-robots-noindex":"","_yoast_wpseo_meta-robots-nofollow":"","_yoast_wpseo_canonical":"https:\/\/www.credafin.be\/de\/ausleihen\/steht-ein-projekt-zur-bertragung-der-regelung-kollektiver-schulden-auf-die-friedensgerichte-bevor","_yoast_wpseo_focuskw_text":"Regelung kollektiver Schulden","_yoast_wpseo_schema":"Article","footnotes":""},"categories":[58],"tags":[],"class_list":["post-6599","post","type-post","status-publish","format-standard","has-post-thumbnail","hentry","category-ausleihen"],"yoast_head":"<!-- This site is optimized with the Yoast SEO plugin v27.4 - https:\/\/yoast.com\/product\/yoast-seo-wordpress\/ -->\n<title>Kollektive Schulden an Friedensgerichte? | Credafin<\/title>\n<meta name=\"description\" content=\"Erfahren Sie alles \u00fcber die geplante \u00dcbertragung der Regelung kollektiver Schulden auf die Friedensgerichte und wie es Sie betreffen k\u00f6nnte!\" \/>\n<meta name=\"robots\" content=\"index, follow, max-snippet:-1, max-image-preview:large, max-video-preview:-1\" \/>\n<link rel=\"canonical\" href=\"https:\/\/www.credafin.be\/de\/ausleihen\/steht-ein-projekt-zur-bertragung-der-regelung-kollektiver-schulden-auf-die-friedensgerichte-bevor\" \/>\n<meta property=\"og:locale\" content=\"de_DE\" \/>\n<meta property=\"og:type\" content=\"article\" \/>\n<meta property=\"og:title\" content=\"Kollektive Schulden an Friedensgerichte? | Credafin\" \/>\n<meta property=\"og:description\" content=\"Erfahren Sie alles \u00fcber die geplante \u00dcbertragung der Regelung kollektiver Schulden auf die Friedensgerichte und wie es Sie betreffen k\u00f6nnte!\" \/>\n<meta property=\"og:url\" content=\"https:\/\/www.credafin.be\/de\/ausleihen\/steht-ein-projekt-zur-bertragung-der-regelung-kollektiver-schulden-auf-die-friedensgerichte-bevor\" \/>\n<meta property=\"og:site_name\" content=\"Credafin\" \/>\n<meta property=\"article:publisher\" content=\"http:\/\/www.facebook.com\/Credafin.be\" \/>\n<meta property=\"article:published_time\" content=\"2026-04-27T11:18:23+00:00\" \/>\n<meta property=\"og:image\" content=\"https:\/\/www.credafin.be\/wp-content\/uploads\/2017\/12\/reglement-collectif-de-dettes-justices-de-paix.jpg\" \/>\n\t<meta property=\"og:image:width\" content=\"780\" \/>\n\t<meta property=\"og:image:height\" content=\"300\" \/>\n\t<meta property=\"og:image:type\" content=\"image\/jpeg\" \/>\n<meta name=\"author\" content=\"Francis\" \/>\n<meta name=\"twitter:card\" content=\"summary_large_image\" \/>\n<meta name=\"twitter:creator\" content=\"@Credafinbe\" \/>\n<meta name=\"twitter:site\" content=\"@Credafinbe\" \/>\n<meta name=\"twitter:label1\" content=\"Written by\" \/>\n\t<meta name=\"twitter:data1\" content=\"Francis\" \/>\n\t<meta name=\"twitter:label2\" content=\"Est. reading time\" \/>\n\t<meta name=\"twitter:data2\" content=\"3 minutes\" \/>\n<script type=\"application\/ld+json\" class=\"yoast-schema-graph\">{\"@context\":\"https:\\\/\\\/schema.org\",\"@graph\":[{\"@type\":\"Article\",\"@id\":\"https:\\\/\\\/www.credafin.be\\\/de\\\/ausleihen\\\/steht-ein-projekt-zur-bertragung-der-regelung-kollektiver-schulden-auf-die-friedensgerichte-bevor#article\",\"isPartOf\":{\"@id\":\"https:\\\/\\\/www.credafin.be\\\/de\\\/ausleihen\\\/kollektive-schulden-friedensgerichte\"},\"author\":{\"name\":\"Francis\",\"@id\":\"https:\\\/\\\/www.credafin.be\\\/#\\\/schema\\\/person\\\/70c671b64eb39e446f9b3fe8cab23f85\"},\"headline\":\"Projekt zur &Uuml;bertragung kollektiver Schulden an Friedensgerichte?\",\"datePublished\":\"2026-04-27T11:18:23+00:00\",\"mainEntityOfPage\":{\"@id\":\"https:\\\/\\\/www.credafin.be\\\/de\\\/ausleihen\\\/kollektive-schulden-friedensgerichte\"},\"wordCount\":639,\"image\":{\"@id\":\"https:\\\/\\\/www.credafin.be\\\/de\\\/ausleihen\\\/steht-ein-projekt-zur-bertragung-der-regelung-kollektiver-schulden-auf-die-friedensgerichte-bevor#primaryimage\"},\"thumbnailUrl\":\"https:\\\/\\\/www.credafin.be\\\/wp-content\\\/uploads\\\/2017\\\/12\\\/reglement-collectif-de-dettes-justices-de-paix.jpg\",\"articleSection\":[\"ausleihen\"],\"inLanguage\":\"de-BE\"},{\"@type\":\"WebPage\",\"@id\":\"https:\\\/\\\/www.credafin.be\\\/de\\\/ausleihen\\\/kollektive-schulden-friedensgerichte\",\"url\":\"https:\\\/\\\/www.credafin.be\\\/de\\\/ausleihen\\\/steht-ein-projekt-zur-bertragung-der-regelung-kollektiver-schulden-auf-die-friedensgerichte-bevor\",\"name\":\"Kollektive Schulden an Friedensgerichte? | Credafin\",\"isPartOf\":{\"@id\":\"https:\\\/\\\/www.credafin.be\\\/#website\"},\"primaryImageOfPage\":{\"@id\":\"https:\\\/\\\/www.credafin.be\\\/de\\\/ausleihen\\\/steht-ein-projekt-zur-bertragung-der-regelung-kollektiver-schulden-auf-die-friedensgerichte-bevor#primaryimage\"},\"image\":{\"@id\":\"https:\\\/\\\/www.credafin.be\\\/de\\\/ausleihen\\\/steht-ein-projekt-zur-bertragung-der-regelung-kollektiver-schulden-auf-die-friedensgerichte-bevor#primaryimage\"},\"thumbnailUrl\":\"https:\\\/\\\/www.credafin.be\\\/wp-content\\\/uploads\\\/2017\\\/12\\\/reglement-collectif-de-dettes-justices-de-paix.jpg\",\"datePublished\":\"2026-04-27T11:18:23+00:00\",\"author\":{\"@id\":\"https:\\\/\\\/www.credafin.be\\\/#\\\/schema\\\/person\\\/70c671b64eb39e446f9b3fe8cab23f85\"},\"description\":\"Erfahren Sie alles \u00fcber die geplante \u00dcbertragung der Regelung kollektiver Schulden auf die Friedensgerichte und wie es Sie betreffen k\u00f6nnte!\",\"breadcrumb\":{\"@id\":\"https:\\\/\\\/www.credafin.be\\\/de\\\/ausleihen\\\/steht-ein-projekt-zur-bertragung-der-regelung-kollektiver-schulden-auf-die-friedensgerichte-bevor#breadcrumb\"},\"inLanguage\":\"de-BE\",\"potentialAction\":[{\"@type\":\"ReadAction\",\"target\":[\"https:\\\/\\\/www.credafin.be\\\/de\\\/ausleihen\\\/steht-ein-projekt-zur-bertragung-der-regelung-kollektiver-schulden-auf-die-friedensgerichte-bevor\"]}]},{\"@type\":\"ImageObject\",\"inLanguage\":\"de-BE\",\"@id\":\"https:\\\/\\\/www.credafin.be\\\/de\\\/ausleihen\\\/steht-ein-projekt-zur-bertragung-der-regelung-kollektiver-schulden-auf-die-friedensgerichte-bevor#primaryimage\",\"url\":\"https:\\\/\\\/www.credafin.be\\\/wp-content\\\/uploads\\\/2017\\\/12\\\/reglement-collectif-de-dettes-justices-de-paix.jpg\",\"contentUrl\":\"https:\\\/\\\/www.credafin.be\\\/wp-content\\\/uploads\\\/2017\\\/12\\\/reglement-collectif-de-dettes-justices-de-paix.jpg\",\"width\":780,\"height\":300,\"caption\":\"Vers un projet de transfert du r\u00e8glement collectif de dettes aux justices de paix?\"},{\"@type\":\"BreadcrumbList\",\"@id\":\"https:\\\/\\\/www.credafin.be\\\/de\\\/ausleihen\\\/steht-ein-projekt-zur-bertragung-der-regelung-kollektiver-schulden-auf-die-friedensgerichte-bevor#breadcrumb\",\"itemListElement\":[{\"@type\":\"ListItem\",\"position\":1,\"name\":\"Home\",\"item\":\"https:\\\/\\\/www.credafin.be\\\/de\\\/credafin-ihre-kredite-zu-besten-zinsen\"},{\"@type\":\"ListItem\",\"position\":2,\"name\":\"Projekt zur &Uuml;bertragung kollektiver Schulden an Friedensgerichte?\"}]},{\"@type\":\"WebSite\",\"@id\":\"https:\\\/\\\/www.credafin.be\\\/#website\",\"url\":\"https:\\\/\\\/www.credafin.be\\\/\",\"name\":\"Credafin\",\"description\":\"Oxyg\u00e9nez votre budget en toute s\u00e9r\u00e9nit\u00e9\",\"potentialAction\":[{\"@type\":\"SearchAction\",\"target\":{\"@type\":\"EntryPoint\",\"urlTemplate\":\"https:\\\/\\\/www.credafin.be\\\/?s={search_term_string}\"},\"query-input\":{\"@type\":\"PropertyValueSpecification\",\"valueRequired\":true,\"valueName\":\"search_term_string\"}}],\"inLanguage\":\"de-BE\"},{\"@type\":\"Person\",\"@id\":\"https:\\\/\\\/www.credafin.be\\\/#\\\/schema\\\/person\\\/70c671b64eb39e446f9b3fe8cab23f85\",\"name\":\"Francis\",\"image\":{\"@type\":\"ImageObject\",\"inLanguage\":\"de-BE\",\"@id\":\"https:\\\/\\\/secure.gravatar.com\\\/avatar\\\/95c37fb161955bf8a86a4b7cfe6027037cd233bc5e3224f68db964c5abd69002?s=96&d=mm&r=g\",\"url\":\"https:\\\/\\\/secure.gravatar.com\\\/avatar\\\/95c37fb161955bf8a86a4b7cfe6027037cd233bc5e3224f68db964c5abd69002?s=96&d=mm&r=g\",\"contentUrl\":\"https:\\\/\\\/secure.gravatar.com\\\/avatar\\\/95c37fb161955bf8a86a4b7cfe6027037cd233bc5e3224f68db964c5abd69002?s=96&d=mm&r=g\",\"caption\":\"Francis\"}}]}<\/script>\n<!-- \/ Yoast SEO plugin. -->","yoast_head_json":{"title":"Kollektive Schulden an Friedensgerichte? | Credafin","description":"Erfahren Sie alles \u00fcber die geplante \u00dcbertragung der Regelung kollektiver Schulden auf die Friedensgerichte und wie es Sie betreffen k\u00f6nnte!","robots":{"index":"index","follow":"follow","max-snippet":"max-snippet:-1","max-image-preview":"max-image-preview:large","max-video-preview":"max-video-preview:-1"},"canonical":"https:\/\/www.credafin.be\/de\/ausleihen\/steht-ein-projekt-zur-bertragung-der-regelung-kollektiver-schulden-auf-die-friedensgerichte-bevor","og_locale":"de_DE","og_type":"article","og_title":"Kollektive Schulden an Friedensgerichte? | Credafin","og_description":"Erfahren Sie alles \u00fcber die geplante \u00dcbertragung der Regelung kollektiver Schulden auf die Friedensgerichte und wie es Sie betreffen k\u00f6nnte!","og_url":"https:\/\/www.credafin.be\/de\/ausleihen\/steht-ein-projekt-zur-bertragung-der-regelung-kollektiver-schulden-auf-die-friedensgerichte-bevor","og_site_name":"Credafin","article_publisher":"http:\/\/www.facebook.com\/Credafin.be","article_published_time":"2026-04-27T11:18:23+00:00","og_image":[{"width":780,"height":300,"url":"https:\/\/www.credafin.be\/wp-content\/uploads\/2017\/12\/reglement-collectif-de-dettes-justices-de-paix.jpg","type":"image\/jpeg"}],"author":"Francis","twitter_card":"summary_large_image","twitter_creator":"@Credafinbe","twitter_site":"@Credafinbe","twitter_misc":{"Written by":"Francis","Est. reading time":"3 minutes"},"schema":{"@context":"https:\/\/schema.org","@graph":[{"@type":"Article","@id":"https:\/\/www.credafin.be\/de\/ausleihen\/steht-ein-projekt-zur-bertragung-der-regelung-kollektiver-schulden-auf-die-friedensgerichte-bevor#article","isPartOf":{"@id":"https:\/\/www.credafin.be\/de\/ausleihen\/kollektive-schulden-friedensgerichte"},"author":{"name":"Francis","@id":"https:\/\/www.credafin.be\/#\/schema\/person\/70c671b64eb39e446f9b3fe8cab23f85"},"headline":"Projekt zur &Uuml;bertragung kollektiver Schulden an Friedensgerichte?","datePublished":"2026-04-27T11:18:23+00:00","mainEntityOfPage":{"@id":"https:\/\/www.credafin.be\/de\/ausleihen\/kollektive-schulden-friedensgerichte"},"wordCount":639,"image":{"@id":"https:\/\/www.credafin.be\/de\/ausleihen\/steht-ein-projekt-zur-bertragung-der-regelung-kollektiver-schulden-auf-die-friedensgerichte-bevor#primaryimage"},"thumbnailUrl":"https:\/\/www.credafin.be\/wp-content\/uploads\/2017\/12\/reglement-collectif-de-dettes-justices-de-paix.jpg","articleSection":["ausleihen"],"inLanguage":"de-BE"},{"@type":"WebPage","@id":"https:\/\/www.credafin.be\/de\/ausleihen\/kollektive-schulden-friedensgerichte","url":"https:\/\/www.credafin.be\/de\/ausleihen\/steht-ein-projekt-zur-bertragung-der-regelung-kollektiver-schulden-auf-die-friedensgerichte-bevor","name":"Kollektive Schulden an Friedensgerichte? | Credafin","isPartOf":{"@id":"https:\/\/www.credafin.be\/#website"},"primaryImageOfPage":{"@id":"https:\/\/www.credafin.be\/de\/ausleihen\/steht-ein-projekt-zur-bertragung-der-regelung-kollektiver-schulden-auf-die-friedensgerichte-bevor#primaryimage"},"image":{"@id":"https:\/\/www.credafin.be\/de\/ausleihen\/steht-ein-projekt-zur-bertragung-der-regelung-kollektiver-schulden-auf-die-friedensgerichte-bevor#primaryimage"},"thumbnailUrl":"https:\/\/www.credafin.be\/wp-content\/uploads\/2017\/12\/reglement-collectif-de-dettes-justices-de-paix.jpg","datePublished":"2026-04-27T11:18:23+00:00","author":{"@id":"https:\/\/www.credafin.be\/#\/schema\/person\/70c671b64eb39e446f9b3fe8cab23f85"},"description":"Erfahren Sie alles \u00fcber die geplante \u00dcbertragung der Regelung kollektiver Schulden auf die Friedensgerichte und wie es Sie betreffen k\u00f6nnte!","breadcrumb":{"@id":"https:\/\/www.credafin.be\/de\/ausleihen\/steht-ein-projekt-zur-bertragung-der-regelung-kollektiver-schulden-auf-die-friedensgerichte-bevor#breadcrumb"},"inLanguage":"de-BE","potentialAction":[{"@type":"ReadAction","target":["https:\/\/www.credafin.be\/de\/ausleihen\/steht-ein-projekt-zur-bertragung-der-regelung-kollektiver-schulden-auf-die-friedensgerichte-bevor"]}]},{"@type":"ImageObject","inLanguage":"de-BE","@id":"https:\/\/www.credafin.be\/de\/ausleihen\/steht-ein-projekt-zur-bertragung-der-regelung-kollektiver-schulden-auf-die-friedensgerichte-bevor#primaryimage","url":"https:\/\/www.credafin.be\/wp-content\/uploads\/2017\/12\/reglement-collectif-de-dettes-justices-de-paix.jpg","contentUrl":"https:\/\/www.credafin.be\/wp-content\/uploads\/2017\/12\/reglement-collectif-de-dettes-justices-de-paix.jpg","width":780,"height":300,"caption":"Vers un projet de transfert du r\u00e8glement collectif de dettes aux justices de paix?"},{"@type":"BreadcrumbList","@id":"https:\/\/www.credafin.be\/de\/ausleihen\/steht-ein-projekt-zur-bertragung-der-regelung-kollektiver-schulden-auf-die-friedensgerichte-bevor#breadcrumb","itemListElement":[{"@type":"ListItem","position":1,"name":"Home","item":"https:\/\/www.credafin.be\/de\/credafin-ihre-kredite-zu-besten-zinsen"},{"@type":"ListItem","position":2,"name":"Projekt zur &Uuml;bertragung kollektiver Schulden an Friedensgerichte?"}]},{"@type":"WebSite","@id":"https:\/\/www.credafin.be\/#website","url":"https:\/\/www.credafin.be\/","name":"Credafin","description":"Oxyg\u00e9nez votre budget en toute s\u00e9r\u00e9nit\u00e9","potentialAction":[{"@type":"SearchAction","target":{"@type":"EntryPoint","urlTemplate":"https:\/\/www.credafin.be\/?s={search_term_string}"},"query-input":{"@type":"PropertyValueSpecification","valueRequired":true,"valueName":"search_term_string"}}],"inLanguage":"de-BE"},{"@type":"Person","@id":"https:\/\/www.credafin.be\/#\/schema\/person\/70c671b64eb39e446f9b3fe8cab23f85","name":"Francis","image":{"@type":"ImageObject","inLanguage":"de-BE","@id":"https:\/\/secure.gravatar.com\/avatar\/95c37fb161955bf8a86a4b7cfe6027037cd233bc5e3224f68db964c5abd69002?s=96&d=mm&r=g","url":"https:\/\/secure.gravatar.com\/avatar\/95c37fb161955bf8a86a4b7cfe6027037cd233bc5e3224f68db964c5abd69002?s=96&d=mm&r=g","contentUrl":"https:\/\/secure.gravatar.com\/avatar\/95c37fb161955bf8a86a4b7cfe6027037cd233bc5e3224f68db964c5abd69002?s=96&d=mm&r=g","caption":"Francis"}}]}},"_links":{"self":[{"href":"https:\/\/www.credafin.be\/de\/wp-json\/wp\/v2\/posts\/6599","targetHints":{"allow":["GET"]}}],"collection":[{"href":"https:\/\/www.credafin.be\/de\/wp-json\/wp\/v2\/posts"}],"about":[{"href":"https:\/\/www.credafin.be\/de\/wp-json\/wp\/v2\/types\/post"}],"author":[{"embeddable":true,"href":"https:\/\/www.credafin.be\/de\/wp-json\/wp\/v2\/users\/22"}],"replies":[{"embeddable":true,"href":"https:\/\/www.credafin.be\/de\/wp-json\/wp\/v2\/comments?post=6599"}],"version-history":[{"count":4,"href":"https:\/\/www.credafin.be\/de\/wp-json\/wp\/v2\/posts\/6599\/revisions"}],"predecessor-version":[{"id":8365,"href":"https:\/\/www.credafin.be\/de\/wp-json\/wp\/v2\/posts\/6599\/revisions\/8365"}],"wp:featuredmedia":[{"embeddable":true,"href":"https:\/\/www.credafin.be\/de\/wp-json\/wp\/v2\/media\/4487"}],"wp:attachment":[{"href":"https:\/\/www.credafin.be\/de\/wp-json\/wp\/v2\/media?parent=6599"}],"wp:term":[{"taxonomy":"category","embeddable":true,"href":"https:\/\/www.credafin.be\/de\/wp-json\/wp\/v2\/categories?post=6599"},{"taxonomy":"post_tag","embeddable":true,"href":"https:\/\/www.credafin.be\/de\/wp-json\/wp\/v2\/tags?post=6599"}],"curies":[{"name":"wp","href":"https:\/\/api.w.org\/{rel}","templated":true}]}}