{"id":6595,"date":"2026-04-27T09:12:58","date_gmt":"2026-04-27T08:12:58","guid":{"rendered":"https:\/\/www.credafin.be\/privatkredit\/in-frankreich-nehmen-verbraucherkredite-zu-was-ist-mit-belgien"},"modified":"2026-04-27T09:12:58","modified_gmt":"2026-04-27T08:12:58","slug":"in-frankreich-nehmen-verbraucherkredite-zu-was-ist-mit-belgien","status":"publish","type":"post","link":"https:\/\/www.credafin.be\/de\/privatkredit\/in-frankreich-nehmen-verbraucherkredite-zu-was-ist-mit-belgien","title":{"rendered":"In Frankreich nehmen Verbraucherkredite zu: Was ist mit Belgien?"},"content":{"rendered":"<h2 style=\"text-align: justify\"><strong>W&auml;hrend die Verbraucherkredite in Frankreich ein neues Hoch erleben, wie sieht die Situation in Belgien aus?<\/strong><\/h2>\n<p style=\"text-align: justify\">Laut der <a target=\"_blank\" href=\"https:\/\/www.banque-france.fr\/\" rel=\"noopener noreferrer\">Banque de France<\/a> nehmen die Verbraucherkredite zu. Der <a href=\"https:\/\/www.credafin.be\/de\/pret-personnel\"><strong>Verbraucherkredit<\/strong><\/a> verzeichnete im November ein Wachstum von 6,4%. Auch der H&ouml;hepunkt der monatlichen Produktion von Ratenkrediten hat sich entsprechend entwickelt. Im gleichen Zeitraum verzeichnete Belgien eine &auml;hnliche Situation. Bis Ende November 2017 stiegen die Best&auml;nde im Jahresvergleich um 6,4%. Das Wachstum beschleunigt sich seit mehreren Monaten, wodurch die Gesamth&ouml;he der Kredite auf 169 Milliarden angestiegen ist. Solch eine Beschleunigung gab es seit einem Jahrzehnt nicht mehr.<\/p>\n<p><!--more--><\/p>\n<h2><\/h2>\n<h2 style=\"text-align: justify\">Produktionsmodell im Wandel<\/h2>\n<p style=\"text-align: justify\">Verbraucherkredite nehmen zu. Die Situation der Verbraucherkredite hat sich im Laufe der Zeit ver&auml;ndert. Einst haupts&auml;chlich durch revolvierende Kredite angetrieben, ist sie nunmehr auf eingeschr&auml;nkte Nutzungen mit strengen Regeln fokussiert. Heute wird sie mehr durch klassische Ratenkredite stimuliert. Im Gegensatz zu revolvierenden Krediten ist dieses Kreditmodell durch die Festlegung einer endg&uuml;ltigen R&uuml;ckzahlungsdauer von Beginn an gekennzeichnet. <span style=\"font-weight: 400\">Diese Kreditfamilie erreichte im November 2017 eine monatliche Produktionsh&ouml;he von 5,5 Milliarden Euro, was einen Rekord darstellt.<\/span> Tats&auml;chlich hatte das Niveau selbst in der Hochphase der Krise nie 3,5 bis 4 Milliarden &uuml;bertroffen.<\/p>\n<h2><\/h2>\n<h2 style=\"text-align: left\">Verbraucherkredite nehmen zu, &uuml;bereinstimmende &ouml;konomische Ereignisse<\/h2>\n<p style=\"text-align: justify\">Der wirtschaftliche Sektor hat eine Reihe von gleichzeitigen Ereignissen erlebt, die den <a href=\"https:\/\/www.credafin.be\/de\/pret-personnel\">Verbraucherkrediten in Belgien<\/a> sicherlich zugutekamen. Neben einem neuen Vertrauen der Haushalte trug auch das Wachstum im Herzen der Eurozone zu diesem Finanzsektor bei.<\/p>\n<p style=\"text-align: justify\">Ein weiterer starker Motor auf rein franz&ouml;sischer Ebene: eine bedeutende Zunahme von Immobilienkrediten. Im Gegensatz zum Vorjahr handelt es sich um vollst&auml;ndige Immobiliengesch&auml;fte, w&auml;hrend im Vorjahr zahlreiche Kreditneuverhandlungen stattfanden.<\/p>\n<p style=\"text-align: justify\">Durch die Gesamtheit der im Jahr 2017 abgeschlossenen Immobilienkredite wurden die Effekte sofort auf Anpassungen &uuml;bertragen. Ebenso wurden notwendige Ausr&uuml;stungsgegenst&auml;nde f&uuml;r das neu erworbene Heim gekauft, was den Verbraucherkredit in Belgien unterst&uuml;tzte.<\/p>\n<p style=\"text-align: justify\">Schlie&szlig;lich zeigt ein weiterer Sektor eine unerm&uuml;dliche Dynamik: <a href=\"https:\/\/www.credafin.be\/de\/autokredit\">der Fahrzeugkauf<\/a> durch Leasing oder Ratenkredit.<\/p>\n<h2><\/h2>\n<h2 style=\"text-align: justify\">Eine dynamische Wiedereroberung<\/h2>\n<p style=\"text-align: justify\">Lange Zeit waren es vor allem die <a href=\"https:\/\/www.credafin.be\/de\/pret-personnel\">spezialisierten Akteure der Verbraucherkredite<\/a> in Belgien (oft Filialen traditioneller Handelsketten), die diesen spezifischen Markt beherrschten. Urspr&uuml;nglich wurde dieser Markt von Banken verwaltet, insbesondere von genossenschaftlichen Instituten. In der Absicht, diesen sehr lukrativen Markt zur&uuml;ckzuerobern, nutzen sie die fallenden Zinss&auml;tze, um diese Finanzierungsaktivit&auml;t wieder anzukurbeln. Dies erm&ouml;glicht es ihnen nicht nur, ihre Kunden zu binden, sondern auch profitabel zu wirtschaften.<\/p>\n","protected":false},"excerpt":{"rendered":"<p>Erleben Sie das Wachstum von Verbraucherkredit und entdecken Sie, wie sich dieser Trend jetzt auch in Belgien auszahlt \u2013 jetzt mehr erfahren!<\/p>\n","protected":false},"author":22,"featured_media":0,"comment_status":"closed","ping_status":"closed","sticky":false,"template":"","format":"standard","meta":{"_yoast_wpseo_focuskw":"Verbraucherkredit","_yoast_wpseo_title":"In Frankreich nehmen Verbraucherkredite zu: Was ist mit Belgien? | Credafin","_yoast_wpseo_metadesc":"Steig jetzt ein in den boomenden Verbraucherkredit und erfahre, warum Belgien genauso aufholt. Klick hier und sichere dir die besten Konditionen!","_yoast_wpseo_meta-robots-noindex":"","_yoast_wpseo_meta-robots-nofollow":"","_yoast_wpseo_canonical":"https:\/\/www.credafin.be\/de\/privatkredit\/in-frankreich-nehmen-verbraucherkredite-zu-was-ist-mit-belgien","_yoast_wpseo_focuskw_text":"Verbraucherkredit","_yoast_wpseo_schema":"Article","footnotes":""},"categories":[61],"tags":[],"class_list":["post-6595","post","type-post","status-publish","format-standard","hentry","category-privatkredit"],"yoast_head":"<!-- This site is optimized with the Yoast SEO plugin v27.4 - https:\/\/yoast.com\/product\/yoast-seo-wordpress\/ -->\n<title>In Frankreich nehmen Verbraucherkredite zu: Was ist mit Belgien? | Credafin<\/title>\n<meta name=\"description\" content=\"Steig jetzt ein in den boomenden Verbraucherkredit und erfahre, warum Belgien genauso aufholt. Klick hier und sichere dir die besten Konditionen!\" \/>\n<meta name=\"robots\" content=\"index, follow, max-snippet:-1, max-image-preview:large, max-video-preview:-1\" \/>\n<link rel=\"canonical\" href=\"https:\/\/www.credafin.be\/de\/privatkredit\/in-frankreich-nehmen-verbraucherkredite-zu-was-ist-mit-belgien\" \/>\n<meta property=\"og:locale\" content=\"de_DE\" \/>\n<meta property=\"og:type\" content=\"article\" \/>\n<meta property=\"og:title\" content=\"In Frankreich nehmen Verbraucherkredite zu: Was ist mit Belgien? | Credafin\" \/>\n<meta property=\"og:description\" content=\"Steig jetzt ein in den boomenden Verbraucherkredit und erfahre, warum Belgien genauso aufholt. Klick hier und sichere dir die besten Konditionen!\" \/>\n<meta property=\"og:url\" content=\"https:\/\/www.credafin.be\/de\/privatkredit\/in-frankreich-nehmen-verbraucherkredite-zu-was-ist-mit-belgien\" \/>\n<meta property=\"og:site_name\" content=\"Credafin\" \/>\n<meta property=\"article:publisher\" content=\"http:\/\/www.facebook.com\/Credafin.be\" \/>\n<meta property=\"article:published_time\" content=\"2026-04-27T08:12:58+00:00\" \/>\n<meta property=\"og:image\" content=\"https:\/\/www.credafin.be\/wp-content\/uploads\/2019\/01\/shutterstock_226410256.jpg\" \/>\n\t<meta property=\"og:image:width\" content=\"768\" \/>\n\t<meta property=\"og:image:height\" content=\"295\" \/>\n\t<meta property=\"og:image:type\" content=\"image\/jpeg\" \/>\n<meta name=\"author\" content=\"Francis\" \/>\n<meta name=\"twitter:card\" content=\"summary_large_image\" \/>\n<meta name=\"twitter:creator\" content=\"@Credafinbe\" \/>\n<meta name=\"twitter:site\" content=\"@Credafinbe\" \/>\n<meta name=\"twitter:label1\" content=\"Written by\" \/>\n\t<meta name=\"twitter:data1\" content=\"Francis\" \/>\n\t<meta name=\"twitter:label2\" content=\"Est. reading time\" \/>\n\t<meta name=\"twitter:data2\" content=\"2 minutes\" \/>\n<script type=\"application\/ld+json\" class=\"yoast-schema-graph\">{\"@context\":\"https:\\\/\\\/schema.org\",\"@graph\":[{\"@type\":\"Article\",\"@id\":\"https:\\\/\\\/www.credafin.be\\\/de\\\/privatkredit\\\/in-frankreich-nehmen-verbraucherkredite-zu-was-ist-mit-belgien#article\",\"isPartOf\":{\"@id\":\"https:\\\/\\\/www.credafin.be\\\/de\\\/privatkredit\\\/in-frankreich-nehmen-verbraucherkredite-zu-was-ist-mit-belgien\"},\"author\":{\"name\":\"Francis\",\"@id\":\"https:\\\/\\\/www.credafin.be\\\/#\\\/schema\\\/person\\\/70c671b64eb39e446f9b3fe8cab23f85\"},\"headline\":\"In Frankreich nehmen Verbraucherkredite zu: Was ist mit Belgien?\",\"datePublished\":\"2026-04-27T08:12:58+00:00\",\"mainEntityOfPage\":{\"@id\":\"https:\\\/\\\/www.credafin.be\\\/de\\\/privatkredit\\\/in-frankreich-nehmen-verbraucherkredite-zu-was-ist-mit-belgien\"},\"wordCount\":426,\"articleSection\":[\"Privatkredit\"],\"inLanguage\":\"de-BE\"},{\"@type\":\"WebPage\",\"@id\":\"https:\\\/\\\/www.credafin.be\\\/de\\\/privatkredit\\\/in-frankreich-nehmen-verbraucherkredite-zu-was-ist-mit-belgien\",\"url\":\"https:\\\/\\\/www.credafin.be\\\/de\\\/privatkredit\\\/in-frankreich-nehmen-verbraucherkredite-zu-was-ist-mit-belgien\",\"name\":\"In Frankreich nehmen Verbraucherkredite zu: Was ist mit Belgien? | Credafin\",\"isPartOf\":{\"@id\":\"https:\\\/\\\/www.credafin.be\\\/#website\"},\"datePublished\":\"2026-04-27T08:12:58+00:00\",\"author\":{\"@id\":\"https:\\\/\\\/www.credafin.be\\\/#\\\/schema\\\/person\\\/70c671b64eb39e446f9b3fe8cab23f85\"},\"description\":\"Steig jetzt ein in den boomenden Verbraucherkredit und erfahre, warum Belgien genauso aufholt. Klick hier und sichere dir die besten Konditionen!\",\"breadcrumb\":{\"@id\":\"https:\\\/\\\/www.credafin.be\\\/de\\\/privatkredit\\\/in-frankreich-nehmen-verbraucherkredite-zu-was-ist-mit-belgien#breadcrumb\"},\"inLanguage\":\"de-BE\",\"potentialAction\":[{\"@type\":\"ReadAction\",\"target\":[\"https:\\\/\\\/www.credafin.be\\\/de\\\/privatkredit\\\/in-frankreich-nehmen-verbraucherkredite-zu-was-ist-mit-belgien\"]}]},{\"@type\":\"BreadcrumbList\",\"@id\":\"https:\\\/\\\/www.credafin.be\\\/de\\\/privatkredit\\\/in-frankreich-nehmen-verbraucherkredite-zu-was-ist-mit-belgien#breadcrumb\",\"itemListElement\":[{\"@type\":\"ListItem\",\"position\":1,\"name\":\"Home\",\"item\":\"https:\\\/\\\/www.credafin.be\\\/de\\\/credafin-ihre-kredite-zu-besten-zinsen\"},{\"@type\":\"ListItem\",\"position\":2,\"name\":\"In Frankreich nehmen Verbraucherkredite zu: Was ist mit Belgien?\"}]},{\"@type\":\"WebSite\",\"@id\":\"https:\\\/\\\/www.credafin.be\\\/#website\",\"url\":\"https:\\\/\\\/www.credafin.be\\\/\",\"name\":\"Credafin\",\"description\":\"Oxyg\u00e9nez votre budget en toute s\u00e9r\u00e9nit\u00e9\",\"potentialAction\":[{\"@type\":\"SearchAction\",\"target\":{\"@type\":\"EntryPoint\",\"urlTemplate\":\"https:\\\/\\\/www.credafin.be\\\/?s={search_term_string}\"},\"query-input\":{\"@type\":\"PropertyValueSpecification\",\"valueRequired\":true,\"valueName\":\"search_term_string\"}}],\"inLanguage\":\"de-BE\"},{\"@type\":\"Person\",\"@id\":\"https:\\\/\\\/www.credafin.be\\\/#\\\/schema\\\/person\\\/70c671b64eb39e446f9b3fe8cab23f85\",\"name\":\"Francis\",\"image\":{\"@type\":\"ImageObject\",\"inLanguage\":\"de-BE\",\"@id\":\"https:\\\/\\\/secure.gravatar.com\\\/avatar\\\/95c37fb161955bf8a86a4b7cfe6027037cd233bc5e3224f68db964c5abd69002?s=96&d=mm&r=g\",\"url\":\"https:\\\/\\\/secure.gravatar.com\\\/avatar\\\/95c37fb161955bf8a86a4b7cfe6027037cd233bc5e3224f68db964c5abd69002?s=96&d=mm&r=g\",\"contentUrl\":\"https:\\\/\\\/secure.gravatar.com\\\/avatar\\\/95c37fb161955bf8a86a4b7cfe6027037cd233bc5e3224f68db964c5abd69002?s=96&d=mm&r=g\",\"caption\":\"Francis\"}}]}<\/script>\n<!-- \/ Yoast SEO plugin. -->","yoast_head_json":{"title":"In Frankreich nehmen Verbraucherkredite zu: Was ist mit Belgien? | Credafin","description":"Steig jetzt ein in den boomenden Verbraucherkredit und erfahre, warum Belgien genauso aufholt. Klick hier und sichere dir die besten Konditionen!","robots":{"index":"index","follow":"follow","max-snippet":"max-snippet:-1","max-image-preview":"max-image-preview:large","max-video-preview":"max-video-preview:-1"},"canonical":"https:\/\/www.credafin.be\/de\/privatkredit\/in-frankreich-nehmen-verbraucherkredite-zu-was-ist-mit-belgien","og_locale":"de_DE","og_type":"article","og_title":"In Frankreich nehmen Verbraucherkredite zu: Was ist mit Belgien? | Credafin","og_description":"Steig jetzt ein in den boomenden Verbraucherkredit und erfahre, warum Belgien genauso aufholt. Klick hier und sichere dir die besten Konditionen!","og_url":"https:\/\/www.credafin.be\/de\/privatkredit\/in-frankreich-nehmen-verbraucherkredite-zu-was-ist-mit-belgien","og_site_name":"Credafin","article_publisher":"http:\/\/www.facebook.com\/Credafin.be","article_published_time":"2026-04-27T08:12:58+00:00","og_image":[{"width":768,"height":295,"url":"https:\/\/www.credafin.be\/wp-content\/uploads\/2019\/01\/shutterstock_226410256.jpg","type":"image\/jpeg"}],"author":"Francis","twitter_card":"summary_large_image","twitter_creator":"@Credafinbe","twitter_site":"@Credafinbe","twitter_misc":{"Written by":"Francis","Est. reading time":"2 minutes"},"schema":{"@context":"https:\/\/schema.org","@graph":[{"@type":"Article","@id":"https:\/\/www.credafin.be\/de\/privatkredit\/in-frankreich-nehmen-verbraucherkredite-zu-was-ist-mit-belgien#article","isPartOf":{"@id":"https:\/\/www.credafin.be\/de\/privatkredit\/in-frankreich-nehmen-verbraucherkredite-zu-was-ist-mit-belgien"},"author":{"name":"Francis","@id":"https:\/\/www.credafin.be\/#\/schema\/person\/70c671b64eb39e446f9b3fe8cab23f85"},"headline":"In Frankreich nehmen Verbraucherkredite zu: Was ist mit Belgien?","datePublished":"2026-04-27T08:12:58+00:00","mainEntityOfPage":{"@id":"https:\/\/www.credafin.be\/de\/privatkredit\/in-frankreich-nehmen-verbraucherkredite-zu-was-ist-mit-belgien"},"wordCount":426,"articleSection":["Privatkredit"],"inLanguage":"de-BE"},{"@type":"WebPage","@id":"https:\/\/www.credafin.be\/de\/privatkredit\/in-frankreich-nehmen-verbraucherkredite-zu-was-ist-mit-belgien","url":"https:\/\/www.credafin.be\/de\/privatkredit\/in-frankreich-nehmen-verbraucherkredite-zu-was-ist-mit-belgien","name":"In Frankreich nehmen Verbraucherkredite zu: Was ist mit Belgien? | Credafin","isPartOf":{"@id":"https:\/\/www.credafin.be\/#website"},"datePublished":"2026-04-27T08:12:58+00:00","author":{"@id":"https:\/\/www.credafin.be\/#\/schema\/person\/70c671b64eb39e446f9b3fe8cab23f85"},"description":"Steig jetzt ein in den boomenden Verbraucherkredit und erfahre, warum Belgien genauso aufholt. Klick hier und sichere dir die besten Konditionen!","breadcrumb":{"@id":"https:\/\/www.credafin.be\/de\/privatkredit\/in-frankreich-nehmen-verbraucherkredite-zu-was-ist-mit-belgien#breadcrumb"},"inLanguage":"de-BE","potentialAction":[{"@type":"ReadAction","target":["https:\/\/www.credafin.be\/de\/privatkredit\/in-frankreich-nehmen-verbraucherkredite-zu-was-ist-mit-belgien"]}]},{"@type":"BreadcrumbList","@id":"https:\/\/www.credafin.be\/de\/privatkredit\/in-frankreich-nehmen-verbraucherkredite-zu-was-ist-mit-belgien#breadcrumb","itemListElement":[{"@type":"ListItem","position":1,"name":"Home","item":"https:\/\/www.credafin.be\/de\/credafin-ihre-kredite-zu-besten-zinsen"},{"@type":"ListItem","position":2,"name":"In Frankreich nehmen Verbraucherkredite zu: Was ist mit Belgien?"}]},{"@type":"WebSite","@id":"https:\/\/www.credafin.be\/#website","url":"https:\/\/www.credafin.be\/","name":"Credafin","description":"Oxyg\u00e9nez votre budget en toute s\u00e9r\u00e9nit\u00e9","potentialAction":[{"@type":"SearchAction","target":{"@type":"EntryPoint","urlTemplate":"https:\/\/www.credafin.be\/?s={search_term_string}"},"query-input":{"@type":"PropertyValueSpecification","valueRequired":true,"valueName":"search_term_string"}}],"inLanguage":"de-BE"},{"@type":"Person","@id":"https:\/\/www.credafin.be\/#\/schema\/person\/70c671b64eb39e446f9b3fe8cab23f85","name":"Francis","image":{"@type":"ImageObject","inLanguage":"de-BE","@id":"https:\/\/secure.gravatar.com\/avatar\/95c37fb161955bf8a86a4b7cfe6027037cd233bc5e3224f68db964c5abd69002?s=96&d=mm&r=g","url":"https:\/\/secure.gravatar.com\/avatar\/95c37fb161955bf8a86a4b7cfe6027037cd233bc5e3224f68db964c5abd69002?s=96&d=mm&r=g","contentUrl":"https:\/\/secure.gravatar.com\/avatar\/95c37fb161955bf8a86a4b7cfe6027037cd233bc5e3224f68db964c5abd69002?s=96&d=mm&r=g","caption":"Francis"}}]}},"_links":{"self":[{"href":"https:\/\/www.credafin.be\/de\/wp-json\/wp\/v2\/posts\/6595","targetHints":{"allow":["GET"]}}],"collection":[{"href":"https:\/\/www.credafin.be\/de\/wp-json\/wp\/v2\/posts"}],"about":[{"href":"https:\/\/www.credafin.be\/de\/wp-json\/wp\/v2\/types\/post"}],"author":[{"embeddable":true,"href":"https:\/\/www.credafin.be\/de\/wp-json\/wp\/v2\/users\/22"}],"replies":[{"embeddable":true,"href":"https:\/\/www.credafin.be\/de\/wp-json\/wp\/v2\/comments?post=6595"}],"version-history":[{"count":5,"href":"https:\/\/www.credafin.be\/de\/wp-json\/wp\/v2\/posts\/6595\/revisions"}],"predecessor-version":[{"id":8071,"href":"https:\/\/www.credafin.be\/de\/wp-json\/wp\/v2\/posts\/6595\/revisions\/8071"}],"wp:attachment":[{"href":"https:\/\/www.credafin.be\/de\/wp-json\/wp\/v2\/media?parent=6595"}],"wp:term":[{"taxonomy":"category","embeddable":true,"href":"https:\/\/www.credafin.be\/de\/wp-json\/wp\/v2\/categories?post=6595"},{"taxonomy":"post_tag","embeddable":true,"href":"https:\/\/www.credafin.be\/de\/wp-json\/wp\/v2\/tags?post=6595"}],"curies":[{"name":"wp","href":"https:\/\/api.w.org\/{rel}","templated":true}]}}