{"id":6583,"date":"2026-04-27T00:49:33","date_gmt":"2026-04-26T23:49:33","guid":{"rendered":"https:\/\/www.credafin.be\/ausleihen\/kredit-zentrale-fr-privatpersonen-die-neuesten-zahlen-im-bereich-kredit"},"modified":"2026-04-27T00:49:33","modified_gmt":"2026-04-26T23:49:33","slug":"kredit-zentrale-fr-privatpersonen-die-neuesten-zahlen-im-bereich-kredit","status":"publish","type":"post","link":"https:\/\/www.credafin.be\/de\/ausleihen\/kredit-zentrale-fr-privatpersonen-die-neuesten-zahlen-im-bereich-kredit","title":{"rendered":"Kredit-Zentrale f&uuml;r Privatpersonen: Die neuesten Zahlen im Bereich Kredit"},"content":{"rendered":"<p style=\"text-align: justify\"><strong>Die Kredit-Zentrale f&uuml;r Privatpersonen hat k&uuml;rzlich die Zahlen f&uuml;r Februar 2018 im Bereich Kredit ver&ouml;ffentlicht. Wie viele Verbraucherkredite laufen derzeit? Wie sieht es mit den Hypothekarkrediten aus? Wie hat sich die Verschuldungsquote im Vergleich zu Februar 2017 entwickelt? <a href=\"https:\/\/www.credafin.be\/de\">Credafin<\/a> gibt Auskunft.\u00a0\u00a0<\/strong><\/p>\n<p><!--more--><\/p>\n<h2>Kredit-Zentrale f&uuml;r Privatpersonen: Aufgaben<\/h2>\n<p style=\"text-align: justify\">Wie Sie vielleicht schon wissen, besteht die Hauptaufgabe der <a href=\"https:\/\/www.nbb.be\/fr\/centrales-des-credits\/la-centrale-des-credits-aux-particuliers\"><strong>Kredit-Zentrale f&uuml;r Privatpersonen<\/strong><\/a> darin, alle Informationen zu <strong>Hypothekarkrediten<\/strong> und <strong>Verbraucherkrediten<\/strong>, die von <strong>nat&uuml;rlichen Personen<\/strong> zu privaten Zwecken abgeschlossen wurden, zu <strong>erfassen<\/strong> und zu <strong>analysieren<\/strong>. Im Gegensatz dazu steht die <a href=\"https:\/\/www.nbb.be\/fr\/centrales-des-credits\/la-centrale-des-credits-aux-entreprises\"><strong>Kredit-Zentrale f&uuml;r Unternehmen<\/strong><\/a>, die sich mit dem <strong>beruflichen<\/strong> Aspekt befasst.<\/p>\n<p style=\"text-align: justify\">Ziel der Kredit-Zentrale f&uuml;r Privatpersonen ist es, durch diese &Uuml;bung die <strong><a href=\"https:\/\/www.credafin.be\/de\/kreditbundelung\/alles-ber-berschuldung\">Verschuldung der Haushalte zu verhindern<\/a>\u00a0<\/strong>, indem sie die gesammelten Daten der <strong><a href=\"https:\/\/www.nbb.be\/fr\">Nationalbank von Belgien<\/a><\/strong> oder <strong>NBB<\/strong> mitteilt.<\/p>\n<h2 style=\"text-align: justify\">Kredit-Zentrale f&uuml;r Privatpersonen: Die neuesten Zahlen<\/h2>\n<p style=\"text-align: justify\">Zum Abschluss des Monats Februar 2018 betrug die Anzahl der <strong>Kreditnehmer<\/strong> genau <strong>6.275.085 Einheiten<\/strong> (3.600.004 in Flandern, 2.030.347 in Wallonien und 2.030.347 in Br&uuml;ssel Hauptstadt). Nahezu 6.300.000 Personen hatten zu diesem Zeitpunkt mindestens einen laufenden Kredit. Im Vergleich zum Vorjahr um die gleiche Zeit war diese Zahl 6.266.541. In einem Jahr ist die Anzahl der Kreditnehmer somit relativ stabil geblieben (+0,1%). Was jedoch zur&uuml;ckgegangen ist, ist die Anzahl der Kreditnehmer mit mindestens einem notleidenden Kredit: waren es im Februar 2017 noch 369.723, sind es heute nur noch 362.745. Das entspricht einem R&uuml;ckgang von 1,9%.<\/p>\n<p style=\"text-align: justify\">Derzeit sind <strong>11.263.145 Kredite aktuell in Betrieb<\/strong>, was 0,5% weniger als im Jahr 2017 ist (11.325.310). W&auml;hrend die Anzahl der Verbraucherkredite gesunken ist (8.181.575 heute gegen&uuml;ber 8.349.432 im letzten Jahr, also -2%), hat die Anzahl der Hypothekarkredite jedoch um 3,6% zugenommen. Im Februar 2017 waren es 2.975.878, aktuell sind es 3.081.570.<\/p>\n<p>Die derzeitige Situation erscheint daher im Hinblick auf die genannten Zahlen relativ stabil.<\/p>\n<p>F&uuml;r weitere Informationen: <a href=\"https:\/\/www.nbb.be\/doc\/cr\/ccp\/publications\/kerncijfers_ckp_fr.pdf\"> www.nbb.be<\/a>.<\/p>\n","protected":false},"excerpt":{"rendered":"<p>Entdecken Sie die neuesten Zahlen der Kredit-Zentrale f\u00fcr Privatpersonen und sichern Sie sich stabile Kredite \u2013 jetzt klicken!<\/p>\n","protected":false},"author":22,"featured_media":4453,"comment_status":"closed","ping_status":"closed","sticky":false,"template":"","format":"standard","meta":{"_yoast_wpseo_focuskw":"Kredit-Zentrale f\u00fcr Privatpersonen","_yoast_wpseo_title":"Kredit-Zentrale f&uuml;r Privatpersonen: Die neuesten Zahlen im Bereich Kredit | Credafin","_yoast_wpseo_metadesc":"Erfahren Sie, wie die Kredit-Zentrale f\u00fcr Privatpersonen Ihre Kreditentscheidungen beeinflusst und starten Sie jetzt ins Finanzplus!","_yoast_wpseo_meta-robots-noindex":"","_yoast_wpseo_meta-robots-nofollow":"","_yoast_wpseo_canonical":"https:\/\/www.credafin.be\/de\/ausleihen\/kredit-zentrale-fr-privatpersonen-die-neuesten-zahlen-im-bereich-kredit","_yoast_wpseo_focuskw_text":"Kredit-Zentrale f\u00fcr Privatpersonen","_yoast_wpseo_schema":"Article","footnotes":""},"categories":[58],"tags":[],"class_list":["post-6583","post","type-post","status-publish","format-standard","has-post-thumbnail","hentry","category-ausleihen"],"yoast_head":"<!-- This site is optimized with the Yoast SEO plugin v27.4 - https:\/\/yoast.com\/product\/yoast-seo-wordpress\/ -->\n<title>Kredit-Zentrale f&uuml;r Privatpersonen: Die neuesten Zahlen im Bereich Kredit | Credafin<\/title>\n<meta name=\"description\" content=\"Erfahren Sie, wie die Kredit-Zentrale f\u00fcr Privatpersonen Ihre Kreditentscheidungen beeinflusst und starten Sie jetzt ins Finanzplus!\" \/>\n<meta name=\"robots\" content=\"index, follow, max-snippet:-1, max-image-preview:large, max-video-preview:-1\" \/>\n<link rel=\"canonical\" href=\"https:\/\/www.credafin.be\/de\/ausleihen\/kredit-zentrale-fr-privatpersonen-die-neuesten-zahlen-im-bereich-kredit\" \/>\n<meta property=\"og:locale\" content=\"de_DE\" \/>\n<meta property=\"og:type\" content=\"article\" \/>\n<meta property=\"og:title\" content=\"Kredit-Zentrale f&uuml;r Privatpersonen: Die neuesten Zahlen im Bereich Kredit | Credafin\" \/>\n<meta property=\"og:description\" content=\"Erfahren Sie, wie die Kredit-Zentrale f\u00fcr Privatpersonen Ihre Kreditentscheidungen beeinflusst und starten Sie jetzt ins Finanzplus!\" \/>\n<meta property=\"og:url\" content=\"https:\/\/www.credafin.be\/de\/ausleihen\/kredit-zentrale-fr-privatpersonen-die-neuesten-zahlen-im-bereich-kredit\" \/>\n<meta property=\"og:site_name\" content=\"Credafin\" \/>\n<meta property=\"article:publisher\" content=\"http:\/\/www.facebook.com\/Credafin.be\" \/>\n<meta property=\"article:published_time\" content=\"2026-04-26T23:49:33+00:00\" \/>\n<meta property=\"og:image\" content=\"https:\/\/www.credafin.be\/wp-content\/uploads\/2018\/04\/centrale-credits-particuliers-chiffres-statistiques-2018.jpg\" \/>\n\t<meta property=\"og:image:width\" content=\"780\" \/>\n\t<meta property=\"og:image:height\" content=\"300\" \/>\n\t<meta property=\"og:image:type\" content=\"image\/jpeg\" \/>\n<meta name=\"author\" content=\"Francis\" \/>\n<meta name=\"twitter:card\" content=\"summary_large_image\" \/>\n<meta name=\"twitter:creator\" content=\"@Credafinbe\" \/>\n<meta name=\"twitter:site\" content=\"@Credafinbe\" \/>\n<meta name=\"twitter:label1\" content=\"Written by\" \/>\n\t<meta name=\"twitter:data1\" content=\"Francis\" \/>\n\t<meta name=\"twitter:label2\" content=\"Est. reading time\" \/>\n\t<meta name=\"twitter:data2\" content=\"2 minutes\" \/>\n<script type=\"application\/ld+json\" class=\"yoast-schema-graph\">{\"@context\":\"https:\\\/\\\/schema.org\",\"@graph\":[{\"@type\":\"Article\",\"@id\":\"https:\\\/\\\/www.credafin.be\\\/de\\\/ausleihen\\\/kredit-zentrale-fr-privatpersonen-die-neuesten-zahlen-im-bereich-kredit#article\",\"isPartOf\":{\"@id\":\"https:\\\/\\\/www.credafin.be\\\/de\\\/ausleihen\\\/kredit-zentrale-fr-privatpersonen-die-neuesten-zahlen-im-bereich-kredit\"},\"author\":{\"name\":\"Francis\",\"@id\":\"https:\\\/\\\/www.credafin.be\\\/#\\\/schema\\\/person\\\/70c671b64eb39e446f9b3fe8cab23f85\"},\"headline\":\"Kredit-Zentrale f&uuml;r Privatpersonen: Die neuesten Zahlen im Bereich Kredit\",\"datePublished\":\"2026-04-26T23:49:33+00:00\",\"mainEntityOfPage\":{\"@id\":\"https:\\\/\\\/www.credafin.be\\\/de\\\/ausleihen\\\/kredit-zentrale-fr-privatpersonen-die-neuesten-zahlen-im-bereich-kredit\"},\"wordCount\":311,\"image\":{\"@id\":\"https:\\\/\\\/www.credafin.be\\\/de\\\/ausleihen\\\/kredit-zentrale-fr-privatpersonen-die-neuesten-zahlen-im-bereich-kredit#primaryimage\"},\"thumbnailUrl\":\"https:\\\/\\\/www.credafin.be\\\/wp-content\\\/uploads\\\/2018\\\/04\\\/centrale-credits-particuliers-chiffres-statistiques-2018.jpg\",\"articleSection\":[\"ausleihen\"],\"inLanguage\":\"de-BE\"},{\"@type\":\"WebPage\",\"@id\":\"https:\\\/\\\/www.credafin.be\\\/de\\\/ausleihen\\\/kredit-zentrale-fr-privatpersonen-die-neuesten-zahlen-im-bereich-kredit\",\"url\":\"https:\\\/\\\/www.credafin.be\\\/de\\\/ausleihen\\\/kredit-zentrale-fr-privatpersonen-die-neuesten-zahlen-im-bereich-kredit\",\"name\":\"Kredit-Zentrale f&uuml;r Privatpersonen: Die neuesten Zahlen im Bereich Kredit | Credafin\",\"isPartOf\":{\"@id\":\"https:\\\/\\\/www.credafin.be\\\/#website\"},\"primaryImageOfPage\":{\"@id\":\"https:\\\/\\\/www.credafin.be\\\/de\\\/ausleihen\\\/kredit-zentrale-fr-privatpersonen-die-neuesten-zahlen-im-bereich-kredit#primaryimage\"},\"image\":{\"@id\":\"https:\\\/\\\/www.credafin.be\\\/de\\\/ausleihen\\\/kredit-zentrale-fr-privatpersonen-die-neuesten-zahlen-im-bereich-kredit#primaryimage\"},\"thumbnailUrl\":\"https:\\\/\\\/www.credafin.be\\\/wp-content\\\/uploads\\\/2018\\\/04\\\/centrale-credits-particuliers-chiffres-statistiques-2018.jpg\",\"datePublished\":\"2026-04-26T23:49:33+00:00\",\"author\":{\"@id\":\"https:\\\/\\\/www.credafin.be\\\/#\\\/schema\\\/person\\\/70c671b64eb39e446f9b3fe8cab23f85\"},\"description\":\"Erfahren Sie, wie die Kredit-Zentrale f\u00fcr Privatpersonen Ihre Kreditentscheidungen beeinflusst und starten Sie jetzt ins Finanzplus!\",\"breadcrumb\":{\"@id\":\"https:\\\/\\\/www.credafin.be\\\/de\\\/ausleihen\\\/kredit-zentrale-fr-privatpersonen-die-neuesten-zahlen-im-bereich-kredit#breadcrumb\"},\"inLanguage\":\"de-BE\",\"potentialAction\":[{\"@type\":\"ReadAction\",\"target\":[\"https:\\\/\\\/www.credafin.be\\\/de\\\/ausleihen\\\/kredit-zentrale-fr-privatpersonen-die-neuesten-zahlen-im-bereich-kredit\"]}]},{\"@type\":\"ImageObject\",\"inLanguage\":\"de-BE\",\"@id\":\"https:\\\/\\\/www.credafin.be\\\/de\\\/ausleihen\\\/kredit-zentrale-fr-privatpersonen-die-neuesten-zahlen-im-bereich-kredit#primaryimage\",\"url\":\"https:\\\/\\\/www.credafin.be\\\/wp-content\\\/uploads\\\/2018\\\/04\\\/centrale-credits-particuliers-chiffres-statistiques-2018.jpg\",\"contentUrl\":\"https:\\\/\\\/www.credafin.be\\\/wp-content\\\/uploads\\\/2018\\\/04\\\/centrale-credits-particuliers-chiffres-statistiques-2018.jpg\",\"width\":780,\"height\":300,\"caption\":\"Centrale des cr\u00e9dits aux particuliers: les derniers chiffres en mati\u00e8re de cr\u00e9dit\"},{\"@type\":\"BreadcrumbList\",\"@id\":\"https:\\\/\\\/www.credafin.be\\\/de\\\/ausleihen\\\/kredit-zentrale-fr-privatpersonen-die-neuesten-zahlen-im-bereich-kredit#breadcrumb\",\"itemListElement\":[{\"@type\":\"ListItem\",\"position\":1,\"name\":\"Home\",\"item\":\"https:\\\/\\\/www.credafin.be\\\/de\\\/credafin-ihre-kredite-zu-besten-zinsen\"},{\"@type\":\"ListItem\",\"position\":2,\"name\":\"Kredit-Zentrale f&uuml;r Privatpersonen: Die neuesten Zahlen im Bereich Kredit\"}]},{\"@type\":\"WebSite\",\"@id\":\"https:\\\/\\\/www.credafin.be\\\/#website\",\"url\":\"https:\\\/\\\/www.credafin.be\\\/\",\"name\":\"Credafin\",\"description\":\"Oxyg\u00e9nez votre budget en toute s\u00e9r\u00e9nit\u00e9\",\"potentialAction\":[{\"@type\":\"SearchAction\",\"target\":{\"@type\":\"EntryPoint\",\"urlTemplate\":\"https:\\\/\\\/www.credafin.be\\\/?s={search_term_string}\"},\"query-input\":{\"@type\":\"PropertyValueSpecification\",\"valueRequired\":true,\"valueName\":\"search_term_string\"}}],\"inLanguage\":\"de-BE\"},{\"@type\":\"Person\",\"@id\":\"https:\\\/\\\/www.credafin.be\\\/#\\\/schema\\\/person\\\/70c671b64eb39e446f9b3fe8cab23f85\",\"name\":\"Francis\",\"image\":{\"@type\":\"ImageObject\",\"inLanguage\":\"de-BE\",\"@id\":\"https:\\\/\\\/secure.gravatar.com\\\/avatar\\\/95c37fb161955bf8a86a4b7cfe6027037cd233bc5e3224f68db964c5abd69002?s=96&d=mm&r=g\",\"url\":\"https:\\\/\\\/secure.gravatar.com\\\/avatar\\\/95c37fb161955bf8a86a4b7cfe6027037cd233bc5e3224f68db964c5abd69002?s=96&d=mm&r=g\",\"contentUrl\":\"https:\\\/\\\/secure.gravatar.com\\\/avatar\\\/95c37fb161955bf8a86a4b7cfe6027037cd233bc5e3224f68db964c5abd69002?s=96&d=mm&r=g\",\"caption\":\"Francis\"}}]}<\/script>\n<!-- \/ Yoast SEO plugin. -->","yoast_head_json":{"title":"Kredit-Zentrale f&uuml;r Privatpersonen: Die neuesten Zahlen im Bereich Kredit | Credafin","description":"Erfahren Sie, wie die Kredit-Zentrale f\u00fcr Privatpersonen Ihre Kreditentscheidungen beeinflusst und starten Sie jetzt ins Finanzplus!","robots":{"index":"index","follow":"follow","max-snippet":"max-snippet:-1","max-image-preview":"max-image-preview:large","max-video-preview":"max-video-preview:-1"},"canonical":"https:\/\/www.credafin.be\/de\/ausleihen\/kredit-zentrale-fr-privatpersonen-die-neuesten-zahlen-im-bereich-kredit","og_locale":"de_DE","og_type":"article","og_title":"Kredit-Zentrale f&uuml;r Privatpersonen: Die neuesten Zahlen im Bereich Kredit | Credafin","og_description":"Erfahren Sie, wie die Kredit-Zentrale f\u00fcr Privatpersonen Ihre Kreditentscheidungen beeinflusst und starten Sie jetzt ins Finanzplus!","og_url":"https:\/\/www.credafin.be\/de\/ausleihen\/kredit-zentrale-fr-privatpersonen-die-neuesten-zahlen-im-bereich-kredit","og_site_name":"Credafin","article_publisher":"http:\/\/www.facebook.com\/Credafin.be","article_published_time":"2026-04-26T23:49:33+00:00","og_image":[{"width":780,"height":300,"url":"https:\/\/www.credafin.be\/wp-content\/uploads\/2018\/04\/centrale-credits-particuliers-chiffres-statistiques-2018.jpg","type":"image\/jpeg"}],"author":"Francis","twitter_card":"summary_large_image","twitter_creator":"@Credafinbe","twitter_site":"@Credafinbe","twitter_misc":{"Written by":"Francis","Est. reading time":"2 minutes"},"schema":{"@context":"https:\/\/schema.org","@graph":[{"@type":"Article","@id":"https:\/\/www.credafin.be\/de\/ausleihen\/kredit-zentrale-fr-privatpersonen-die-neuesten-zahlen-im-bereich-kredit#article","isPartOf":{"@id":"https:\/\/www.credafin.be\/de\/ausleihen\/kredit-zentrale-fr-privatpersonen-die-neuesten-zahlen-im-bereich-kredit"},"author":{"name":"Francis","@id":"https:\/\/www.credafin.be\/#\/schema\/person\/70c671b64eb39e446f9b3fe8cab23f85"},"headline":"Kredit-Zentrale f&uuml;r Privatpersonen: Die neuesten Zahlen im Bereich Kredit","datePublished":"2026-04-26T23:49:33+00:00","mainEntityOfPage":{"@id":"https:\/\/www.credafin.be\/de\/ausleihen\/kredit-zentrale-fr-privatpersonen-die-neuesten-zahlen-im-bereich-kredit"},"wordCount":311,"image":{"@id":"https:\/\/www.credafin.be\/de\/ausleihen\/kredit-zentrale-fr-privatpersonen-die-neuesten-zahlen-im-bereich-kredit#primaryimage"},"thumbnailUrl":"https:\/\/www.credafin.be\/wp-content\/uploads\/2018\/04\/centrale-credits-particuliers-chiffres-statistiques-2018.jpg","articleSection":["ausleihen"],"inLanguage":"de-BE"},{"@type":"WebPage","@id":"https:\/\/www.credafin.be\/de\/ausleihen\/kredit-zentrale-fr-privatpersonen-die-neuesten-zahlen-im-bereich-kredit","url":"https:\/\/www.credafin.be\/de\/ausleihen\/kredit-zentrale-fr-privatpersonen-die-neuesten-zahlen-im-bereich-kredit","name":"Kredit-Zentrale f&uuml;r Privatpersonen: Die neuesten Zahlen im Bereich Kredit | Credafin","isPartOf":{"@id":"https:\/\/www.credafin.be\/#website"},"primaryImageOfPage":{"@id":"https:\/\/www.credafin.be\/de\/ausleihen\/kredit-zentrale-fr-privatpersonen-die-neuesten-zahlen-im-bereich-kredit#primaryimage"},"image":{"@id":"https:\/\/www.credafin.be\/de\/ausleihen\/kredit-zentrale-fr-privatpersonen-die-neuesten-zahlen-im-bereich-kredit#primaryimage"},"thumbnailUrl":"https:\/\/www.credafin.be\/wp-content\/uploads\/2018\/04\/centrale-credits-particuliers-chiffres-statistiques-2018.jpg","datePublished":"2026-04-26T23:49:33+00:00","author":{"@id":"https:\/\/www.credafin.be\/#\/schema\/person\/70c671b64eb39e446f9b3fe8cab23f85"},"description":"Erfahren Sie, wie die Kredit-Zentrale f\u00fcr Privatpersonen Ihre Kreditentscheidungen beeinflusst und starten Sie jetzt ins Finanzplus!","breadcrumb":{"@id":"https:\/\/www.credafin.be\/de\/ausleihen\/kredit-zentrale-fr-privatpersonen-die-neuesten-zahlen-im-bereich-kredit#breadcrumb"},"inLanguage":"de-BE","potentialAction":[{"@type":"ReadAction","target":["https:\/\/www.credafin.be\/de\/ausleihen\/kredit-zentrale-fr-privatpersonen-die-neuesten-zahlen-im-bereich-kredit"]}]},{"@type":"ImageObject","inLanguage":"de-BE","@id":"https:\/\/www.credafin.be\/de\/ausleihen\/kredit-zentrale-fr-privatpersonen-die-neuesten-zahlen-im-bereich-kredit#primaryimage","url":"https:\/\/www.credafin.be\/wp-content\/uploads\/2018\/04\/centrale-credits-particuliers-chiffres-statistiques-2018.jpg","contentUrl":"https:\/\/www.credafin.be\/wp-content\/uploads\/2018\/04\/centrale-credits-particuliers-chiffres-statistiques-2018.jpg","width":780,"height":300,"caption":"Centrale des cr\u00e9dits aux particuliers: les derniers chiffres en mati\u00e8re de cr\u00e9dit"},{"@type":"BreadcrumbList","@id":"https:\/\/www.credafin.be\/de\/ausleihen\/kredit-zentrale-fr-privatpersonen-die-neuesten-zahlen-im-bereich-kredit#breadcrumb","itemListElement":[{"@type":"ListItem","position":1,"name":"Home","item":"https:\/\/www.credafin.be\/de\/credafin-ihre-kredite-zu-besten-zinsen"},{"@type":"ListItem","position":2,"name":"Kredit-Zentrale f&uuml;r Privatpersonen: Die neuesten Zahlen im Bereich Kredit"}]},{"@type":"WebSite","@id":"https:\/\/www.credafin.be\/#website","url":"https:\/\/www.credafin.be\/","name":"Credafin","description":"Oxyg\u00e9nez votre budget en toute s\u00e9r\u00e9nit\u00e9","potentialAction":[{"@type":"SearchAction","target":{"@type":"EntryPoint","urlTemplate":"https:\/\/www.credafin.be\/?s={search_term_string}"},"query-input":{"@type":"PropertyValueSpecification","valueRequired":true,"valueName":"search_term_string"}}],"inLanguage":"de-BE"},{"@type":"Person","@id":"https:\/\/www.credafin.be\/#\/schema\/person\/70c671b64eb39e446f9b3fe8cab23f85","name":"Francis","image":{"@type":"ImageObject","inLanguage":"de-BE","@id":"https:\/\/secure.gravatar.com\/avatar\/95c37fb161955bf8a86a4b7cfe6027037cd233bc5e3224f68db964c5abd69002?s=96&d=mm&r=g","url":"https:\/\/secure.gravatar.com\/avatar\/95c37fb161955bf8a86a4b7cfe6027037cd233bc5e3224f68db964c5abd69002?s=96&d=mm&r=g","contentUrl":"https:\/\/secure.gravatar.com\/avatar\/95c37fb161955bf8a86a4b7cfe6027037cd233bc5e3224f68db964c5abd69002?s=96&d=mm&r=g","caption":"Francis"}}]}},"_links":{"self":[{"href":"https:\/\/www.credafin.be\/de\/wp-json\/wp\/v2\/posts\/6583","targetHints":{"allow":["GET"]}}],"collection":[{"href":"https:\/\/www.credafin.be\/de\/wp-json\/wp\/v2\/posts"}],"about":[{"href":"https:\/\/www.credafin.be\/de\/wp-json\/wp\/v2\/types\/post"}],"author":[{"embeddable":true,"href":"https:\/\/www.credafin.be\/de\/wp-json\/wp\/v2\/users\/22"}],"replies":[{"embeddable":true,"href":"https:\/\/www.credafin.be\/de\/wp-json\/wp\/v2\/comments?post=6583"}],"version-history":[{"count":3,"href":"https:\/\/www.credafin.be\/de\/wp-json\/wp\/v2\/posts\/6583\/revisions"}],"predecessor-version":[{"id":8083,"href":"https:\/\/www.credafin.be\/de\/wp-json\/wp\/v2\/posts\/6583\/revisions\/8083"}],"wp:featuredmedia":[{"embeddable":true,"href":"https:\/\/www.credafin.be\/de\/wp-json\/wp\/v2\/media\/4453"}],"wp:attachment":[{"href":"https:\/\/www.credafin.be\/de\/wp-json\/wp\/v2\/media?parent=6583"}],"wp:term":[{"taxonomy":"category","embeddable":true,"href":"https:\/\/www.credafin.be\/de\/wp-json\/wp\/v2\/categories?post=6583"},{"taxonomy":"post_tag","embeddable":true,"href":"https:\/\/www.credafin.be\/de\/wp-json\/wp\/v2\/tags?post=6583"}],"curies":[{"name":"wp","href":"https:\/\/api.w.org\/{rel}","templated":true}]}}