{"id":6573,"date":"2026-04-24T14:04:56","date_gmt":"2026-04-24T13:04:56","guid":{"rendered":"https:\/\/www.credafin.be\/privatkredit\/studie-27-der-europaer-zahlen-derzeit-einen-verbraucherkredit-zuruck"},"modified":"2026-04-24T14:04:56","modified_gmt":"2026-04-24T13:04:56","slug":"studie-27-der-europaer-zahlen-derzeit-einen-verbraucherkredit-zuruck","status":"publish","type":"post","link":"https:\/\/www.credafin.be\/de\/privatkredit\/studie-27-der-europaer-zahlen-derzeit-einen-verbraucherkredit-zuruck","title":{"rendered":"Studie: 27% der Europ\u00e4er zahlen derzeit einen Verbraucherkredit zur\u00fcck"},"content":{"rendered":"<p style=\"text-align: justify\"><strong>In Europa ist der Verbraucherkredit sehr beliebt! Dies ist jedenfalls das Ergebnis einer k\u00fcrzlich von Yougov im Auftrag von Cofidis durchgef\u00fchrten Studie. Zahlen und Statistiken.<\/strong><\/p>\n<p style=\"text-align: justify\"><!--more--><\/p>\n<h2 style=\"text-align: justify\">Was ist ein Verbraucherkredit?<\/h2>\n<p style=\"text-align: justify\">Der Verbraucherkredit dient zur <strong>Finanzierung von Waren und Dienstleistungen<\/strong> (mit Ausnahme von Immobilienk\u00e4ufen).&nbsp;Es gibt viele Unterkategorien des Verbraucherkredits. Zu nennen sind unter anderem der <a href=\"https:\/\/www.credafin.be\/de\/ratenkredit\"><strong>Ratenkredit<\/strong><\/a>, das <strong>Leasing<\/strong>, der <strong>Zwischenkredit<\/strong>, die<strong> \u00dcberziehungsm\u00f6glichkeit<\/strong> oder der sehr bekannte <a href=\"https:\/\/www.credafin.be\/de\/pret-personnel\"><strong>pers\u00f6nliche Kredit<\/strong><\/a>.<\/p>\n<p style=\"text-align: justify\">Weitere Informationen \u00fcber den :&nbsp;<a href=\"https:\/\/www.credafin.be\/de\/privatkredit\/was-bedeutet-konsumkredit\"><strong>Verbraucherkredit<\/strong><\/a><\/p>\n<p style=\"text-align: justify\">Nachdem wir dies gekl\u00e4rt haben, kommen wir zur\u00fcck zu der Studie, die uns besch\u00e4ftigt&#8230;<\/p>\n<h2 style=\"text-align: justify\">Die Engl\u00e4nder, Portugiesen und Spanier an der Spitze<\/h2>\n<p style=\"text-align: justify\">In Europa scheint der <a href=\"https:\/\/www.credafin.be\/de\/pret-personnel\">Verbraucherkredit<\/a> relativ gut in den Gewohnheiten verankert zu sein, da 27% der Haushalte derzeit dabei sind, ihren zur\u00fcckzuzahlen. 57% von ihnen geben ebenfalls an, ihn in der Vergangenheit genutzt zu haben. Die Engl\u00e4nder sind zweifellos die erfahrensten Nutzer dieses Finanzprodukts, da 67% von ihnen bereits damit in Ber\u00fchrung gekommen sind. Ihnen folgen gleichauf die Spanier und Portugiesen.<\/p>\n<h2 style=\"text-align: justify\">Die D\u00e4nen, sparsamer und vorsichtiger<\/h2>\n<p style=\"text-align: justify\">In D\u00e4nemark sinkt dieser Prozentsatz auf 17%. Sparsamer und vorsichtiger bevorzugen es die D\u00e4nen, soweit wie m\u00f6glich ihre verschiedenen Projekte selbst zu finanzieren, mit ihrem eigenen gesparten Geld. 72% der d\u00e4nischen Bev\u00f6lkerung gibt an, zu diesem Zweck zu sparen, um auf Unvorhergesehenes vorbereitet zu sein.<\/p>\n<h2 style=\"text-align: justify\">Ein <a href=\"https:\/\/www.credafin.be\/de\/pret-personnel\">Verbraucherkredit<\/a>: wof\u00fcr?<\/h2>\n<p style=\"text-align: justify\">Der Gebrauch des Verbraucherkredits unterscheidet sich je nachdem, wo man sich befindet. So nutzen die Deutschen, Engl\u00e4nder und Franzosen ihn haupts\u00e4chlich zur Finanzierung des <a href=\"https:\/\/www.credafin.be\/de\/autokredit\"><strong>Fahrzeugkaufs<\/strong><\/a>. Die Portugiesen hingegen realisieren damit <a href=\"https:\/\/www.credafin.be\/de\/pret-travaux\"><strong>Renovierungsarbeiten<\/strong><\/a> in ihrem Zuhause. Spanier und Italiener verwenden ihren Verbraucherkredit h\u00e4ufig, um sich <a href=\"https:\/\/www.credafin.be\/de\/pret-urlaub\"><strong>Urlaub zu leisten<\/strong><\/a>.<\/p>\n<p><strong>Quelle<\/strong>: <a target=\"_blank\" href=\"https:\/\/www.rtbf.be\/tendance\/detente\/detail_un-europeen-sur-quatre-rembourse-un-credit-a-la-consommation?id=9956550\" rel=\"noopener noreferrer\">RTBF<\/a>.<\/p>\n","protected":false},"excerpt":{"rendered":"<p>27% der Europ\u00e4er nutzen einen Verbraucherkredit \u2013 erfahren Sie, wie auch Sie profitieren k\u00f6nnen und klicken Sie jetzt!<\/p>\n","protected":false},"author":22,"featured_media":6948,"comment_status":"closed","ping_status":"closed","sticky":false,"template":"","format":"standard","meta":{"_yoast_wpseo_focuskw":"Verbraucherkredit","_yoast_wpseo_title":"Studie: 27% der Europ\u00e4er zahlen derzeit einen Verbraucherkredit zur\u00fcck | Credafin","_yoast_wpseo_metadesc":"Sichern Sie sich den besten Verbraucherkredit und erfahren Sie, warum 27% der Europ\u00e4er ihn nutzen \u2013 jetzt klicken & mehr erfahren!","_yoast_wpseo_meta-robots-noindex":"","_yoast_wpseo_meta-robots-nofollow":"","_yoast_wpseo_canonical":"https:\/\/www.credafin.be\/de\/privatkredit\/studie-27-der-europaer-zahlen-derzeit-einen-verbraucherkredit-zuruck","_yoast_wpseo_focuskw_text":"Verbraucherkredit","_yoast_wpseo_schema":"Article","footnotes":""},"categories":[61],"tags":[],"class_list":["post-6573","post","type-post","status-publish","format-standard","has-post-thumbnail","hentry","category-privatkredit"],"yoast_head":"<!-- This site is optimized with the Yoast SEO plugin v27.4 - https:\/\/yoast.com\/product\/yoast-seo-wordpress\/ -->\n<title>Studie: 27% der Europ\u00e4er zahlen derzeit einen Verbraucherkredit zur\u00fcck | Credafin<\/title>\n<meta name=\"description\" content=\"Sichern Sie sich den besten Verbraucherkredit und erfahren Sie, warum 27% der Europ\u00e4er ihn nutzen \u2013 jetzt klicken &amp; mehr erfahren!\" \/>\n<meta name=\"robots\" content=\"index, follow, max-snippet:-1, max-image-preview:large, max-video-preview:-1\" \/>\n<link rel=\"canonical\" href=\"https:\/\/www.credafin.be\/de\/privatkredit\/studie-27-der-europaer-zahlen-derzeit-einen-verbraucherkredit-zuruck\" \/>\n<meta property=\"og:locale\" content=\"de_DE\" \/>\n<meta property=\"og:type\" content=\"article\" \/>\n<meta property=\"og:title\" content=\"Studie: 27% der Europ\u00e4er zahlen derzeit einen Verbraucherkredit zur\u00fcck | Credafin\" \/>\n<meta property=\"og:description\" content=\"Sichern Sie sich den besten Verbraucherkredit und erfahren Sie, warum 27% der Europ\u00e4er ihn nutzen \u2013 jetzt klicken &amp; mehr erfahren!\" \/>\n<meta property=\"og:url\" content=\"https:\/\/www.credafin.be\/de\/privatkredit\/studie-27-der-europaer-zahlen-derzeit-einen-verbraucherkredit-zuruck\" \/>\n<meta property=\"og:site_name\" content=\"Credafin\" \/>\n<meta property=\"article:publisher\" content=\"http:\/\/www.facebook.com\/Credafin.be\" \/>\n<meta property=\"article:published_time\" content=\"2026-04-24T13:04:56+00:00\" \/>\n<meta property=\"og:image\" content=\"https:\/\/www.credafin.be\/wp-content\/uploads\/2018\/07\/credit-consommation-europe-etude-statistiques.jpg\" \/>\n\t<meta property=\"og:image:width\" content=\"780\" \/>\n\t<meta property=\"og:image:height\" content=\"520\" \/>\n\t<meta property=\"og:image:type\" content=\"image\/jpeg\" \/>\n<meta name=\"author\" content=\"Francis\" \/>\n<meta name=\"twitter:card\" content=\"summary_large_image\" \/>\n<meta name=\"twitter:creator\" content=\"@Credafinbe\" \/>\n<meta name=\"twitter:site\" content=\"@Credafinbe\" \/>\n<meta name=\"twitter:label1\" content=\"Written by\" \/>\n\t<meta name=\"twitter:data1\" content=\"Francis\" \/>\n\t<meta name=\"twitter:label2\" content=\"Est. reading time\" \/>\n\t<meta name=\"twitter:data2\" content=\"1 minute\" \/>\n<script type=\"application\/ld+json\" class=\"yoast-schema-graph\">{\"@context\":\"https:\\\/\\\/schema.org\",\"@graph\":[{\"@type\":\"Article\",\"@id\":\"https:\\\/\\\/www.credafin.be\\\/de\\\/privatkredit\\\/studie-27-der-europaer-zahlen-derzeit-einen-verbraucherkredit-zuruck#article\",\"isPartOf\":{\"@id\":\"https:\\\/\\\/www.credafin.be\\\/de\\\/privatkredit\\\/studie-27-der-europaer-zahlen-derzeit-einen-verbraucherkredit-zuruck\"},\"author\":{\"name\":\"Francis\",\"@id\":\"https:\\\/\\\/www.credafin.be\\\/#\\\/schema\\\/person\\\/70c671b64eb39e446f9b3fe8cab23f85\"},\"headline\":\"Studie: 27% der Europ\u00e4er zahlen derzeit einen Verbraucherkredit zur\u00fcck\",\"datePublished\":\"2026-04-24T13:04:56+00:00\",\"mainEntityOfPage\":{\"@id\":\"https:\\\/\\\/www.credafin.be\\\/de\\\/privatkredit\\\/studie-27-der-europaer-zahlen-derzeit-einen-verbraucherkredit-zuruck\"},\"wordCount\":285,\"image\":{\"@id\":\"https:\\\/\\\/www.credafin.be\\\/de\\\/privatkredit\\\/studie-27-der-europaer-zahlen-derzeit-einen-verbraucherkredit-zuruck#primaryimage\"},\"thumbnailUrl\":\"https:\\\/\\\/www.credafin.be\\\/wp-content\\\/uploads\\\/2018\\\/07\\\/credit-consommation-europe-etude-statistiques.jpg\",\"articleSection\":[\"Privatkredit\"],\"inLanguage\":\"de-BE\"},{\"@type\":\"WebPage\",\"@id\":\"https:\\\/\\\/www.credafin.be\\\/de\\\/privatkredit\\\/studie-27-der-europaer-zahlen-derzeit-einen-verbraucherkredit-zuruck\",\"url\":\"https:\\\/\\\/www.credafin.be\\\/de\\\/privatkredit\\\/studie-27-der-europaer-zahlen-derzeit-einen-verbraucherkredit-zuruck\",\"name\":\"Studie: 27% der Europ\u00e4er zahlen derzeit einen Verbraucherkredit zur\u00fcck | Credafin\",\"isPartOf\":{\"@id\":\"https:\\\/\\\/www.credafin.be\\\/#website\"},\"primaryImageOfPage\":{\"@id\":\"https:\\\/\\\/www.credafin.be\\\/de\\\/privatkredit\\\/studie-27-der-europaer-zahlen-derzeit-einen-verbraucherkredit-zuruck#primaryimage\"},\"image\":{\"@id\":\"https:\\\/\\\/www.credafin.be\\\/de\\\/privatkredit\\\/studie-27-der-europaer-zahlen-derzeit-einen-verbraucherkredit-zuruck#primaryimage\"},\"thumbnailUrl\":\"https:\\\/\\\/www.credafin.be\\\/wp-content\\\/uploads\\\/2018\\\/07\\\/credit-consommation-europe-etude-statistiques.jpg\",\"datePublished\":\"2026-04-24T13:04:56+00:00\",\"author\":{\"@id\":\"https:\\\/\\\/www.credafin.be\\\/#\\\/schema\\\/person\\\/70c671b64eb39e446f9b3fe8cab23f85\"},\"description\":\"Sichern Sie sich den besten Verbraucherkredit und erfahren Sie, warum 27% der Europ\u00e4er ihn nutzen \u2013 jetzt klicken & mehr erfahren!\",\"breadcrumb\":{\"@id\":\"https:\\\/\\\/www.credafin.be\\\/de\\\/privatkredit\\\/studie-27-der-europaer-zahlen-derzeit-einen-verbraucherkredit-zuruck#breadcrumb\"},\"inLanguage\":\"de-BE\",\"potentialAction\":[{\"@type\":\"ReadAction\",\"target\":[\"https:\\\/\\\/www.credafin.be\\\/de\\\/privatkredit\\\/studie-27-der-europaer-zahlen-derzeit-einen-verbraucherkredit-zuruck\"]}]},{\"@type\":\"ImageObject\",\"inLanguage\":\"de-BE\",\"@id\":\"https:\\\/\\\/www.credafin.be\\\/de\\\/privatkredit\\\/studie-27-der-europaer-zahlen-derzeit-einen-verbraucherkredit-zuruck#primaryimage\",\"url\":\"https:\\\/\\\/www.credafin.be\\\/wp-content\\\/uploads\\\/2018\\\/07\\\/credit-consommation-europe-etude-statistiques.jpg\",\"contentUrl\":\"https:\\\/\\\/www.credafin.be\\\/wp-content\\\/uploads\\\/2018\\\/07\\\/credit-consommation-europe-etude-statistiques.jpg\",\"width\":780,\"height\":520,\"caption\":\"\u00c9tude\"},{\"@type\":\"BreadcrumbList\",\"@id\":\"https:\\\/\\\/www.credafin.be\\\/de\\\/privatkredit\\\/studie-27-der-europaer-zahlen-derzeit-einen-verbraucherkredit-zuruck#breadcrumb\",\"itemListElement\":[{\"@type\":\"ListItem\",\"position\":1,\"name\":\"Home\",\"item\":\"https:\\\/\\\/www.credafin.be\\\/de\\\/credafin-ihre-kredite-zu-besten-zinsen\"},{\"@type\":\"ListItem\",\"position\":2,\"name\":\"Studie: 27% der Europ\u00e4er zahlen derzeit einen Verbraucherkredit zur\u00fcck\"}]},{\"@type\":\"WebSite\",\"@id\":\"https:\\\/\\\/www.credafin.be\\\/#website\",\"url\":\"https:\\\/\\\/www.credafin.be\\\/\",\"name\":\"Credafin\",\"description\":\"Oxyg\u00e9nez votre budget en toute s\u00e9r\u00e9nit\u00e9\",\"potentialAction\":[{\"@type\":\"SearchAction\",\"target\":{\"@type\":\"EntryPoint\",\"urlTemplate\":\"https:\\\/\\\/www.credafin.be\\\/?s={search_term_string}\"},\"query-input\":{\"@type\":\"PropertyValueSpecification\",\"valueRequired\":true,\"valueName\":\"search_term_string\"}}],\"inLanguage\":\"de-BE\"},{\"@type\":\"Person\",\"@id\":\"https:\\\/\\\/www.credafin.be\\\/#\\\/schema\\\/person\\\/70c671b64eb39e446f9b3fe8cab23f85\",\"name\":\"Francis\",\"image\":{\"@type\":\"ImageObject\",\"inLanguage\":\"de-BE\",\"@id\":\"https:\\\/\\\/secure.gravatar.com\\\/avatar\\\/95c37fb161955bf8a86a4b7cfe6027037cd233bc5e3224f68db964c5abd69002?s=96&d=mm&r=g\",\"url\":\"https:\\\/\\\/secure.gravatar.com\\\/avatar\\\/95c37fb161955bf8a86a4b7cfe6027037cd233bc5e3224f68db964c5abd69002?s=96&d=mm&r=g\",\"contentUrl\":\"https:\\\/\\\/secure.gravatar.com\\\/avatar\\\/95c37fb161955bf8a86a4b7cfe6027037cd233bc5e3224f68db964c5abd69002?s=96&d=mm&r=g\",\"caption\":\"Francis\"}}]}<\/script>\n<!-- \/ Yoast SEO plugin. -->","yoast_head_json":{"title":"Studie: 27% der Europ\u00e4er zahlen derzeit einen Verbraucherkredit zur\u00fcck | Credafin","description":"Sichern Sie sich den besten Verbraucherkredit und erfahren Sie, warum 27% der Europ\u00e4er ihn nutzen \u2013 jetzt klicken & mehr erfahren!","robots":{"index":"index","follow":"follow","max-snippet":"max-snippet:-1","max-image-preview":"max-image-preview:large","max-video-preview":"max-video-preview:-1"},"canonical":"https:\/\/www.credafin.be\/de\/privatkredit\/studie-27-der-europaer-zahlen-derzeit-einen-verbraucherkredit-zuruck","og_locale":"de_DE","og_type":"article","og_title":"Studie: 27% der Europ\u00e4er zahlen derzeit einen Verbraucherkredit zur\u00fcck | Credafin","og_description":"Sichern Sie sich den besten Verbraucherkredit und erfahren Sie, warum 27% der Europ\u00e4er ihn nutzen \u2013 jetzt klicken & mehr erfahren!","og_url":"https:\/\/www.credafin.be\/de\/privatkredit\/studie-27-der-europaer-zahlen-derzeit-einen-verbraucherkredit-zuruck","og_site_name":"Credafin","article_publisher":"http:\/\/www.facebook.com\/Credafin.be","article_published_time":"2026-04-24T13:04:56+00:00","og_image":[{"width":780,"height":520,"url":"https:\/\/www.credafin.be\/wp-content\/uploads\/2018\/07\/credit-consommation-europe-etude-statistiques.jpg","type":"image\/jpeg"}],"author":"Francis","twitter_card":"summary_large_image","twitter_creator":"@Credafinbe","twitter_site":"@Credafinbe","twitter_misc":{"Written by":"Francis","Est. reading time":"1 minute"},"schema":{"@context":"https:\/\/schema.org","@graph":[{"@type":"Article","@id":"https:\/\/www.credafin.be\/de\/privatkredit\/studie-27-der-europaer-zahlen-derzeit-einen-verbraucherkredit-zuruck#article","isPartOf":{"@id":"https:\/\/www.credafin.be\/de\/privatkredit\/studie-27-der-europaer-zahlen-derzeit-einen-verbraucherkredit-zuruck"},"author":{"name":"Francis","@id":"https:\/\/www.credafin.be\/#\/schema\/person\/70c671b64eb39e446f9b3fe8cab23f85"},"headline":"Studie: 27% der Europ\u00e4er zahlen derzeit einen Verbraucherkredit zur\u00fcck","datePublished":"2026-04-24T13:04:56+00:00","mainEntityOfPage":{"@id":"https:\/\/www.credafin.be\/de\/privatkredit\/studie-27-der-europaer-zahlen-derzeit-einen-verbraucherkredit-zuruck"},"wordCount":285,"image":{"@id":"https:\/\/www.credafin.be\/de\/privatkredit\/studie-27-der-europaer-zahlen-derzeit-einen-verbraucherkredit-zuruck#primaryimage"},"thumbnailUrl":"https:\/\/www.credafin.be\/wp-content\/uploads\/2018\/07\/credit-consommation-europe-etude-statistiques.jpg","articleSection":["Privatkredit"],"inLanguage":"de-BE"},{"@type":"WebPage","@id":"https:\/\/www.credafin.be\/de\/privatkredit\/studie-27-der-europaer-zahlen-derzeit-einen-verbraucherkredit-zuruck","url":"https:\/\/www.credafin.be\/de\/privatkredit\/studie-27-der-europaer-zahlen-derzeit-einen-verbraucherkredit-zuruck","name":"Studie: 27% der Europ\u00e4er zahlen derzeit einen Verbraucherkredit zur\u00fcck | Credafin","isPartOf":{"@id":"https:\/\/www.credafin.be\/#website"},"primaryImageOfPage":{"@id":"https:\/\/www.credafin.be\/de\/privatkredit\/studie-27-der-europaer-zahlen-derzeit-einen-verbraucherkredit-zuruck#primaryimage"},"image":{"@id":"https:\/\/www.credafin.be\/de\/privatkredit\/studie-27-der-europaer-zahlen-derzeit-einen-verbraucherkredit-zuruck#primaryimage"},"thumbnailUrl":"https:\/\/www.credafin.be\/wp-content\/uploads\/2018\/07\/credit-consommation-europe-etude-statistiques.jpg","datePublished":"2026-04-24T13:04:56+00:00","author":{"@id":"https:\/\/www.credafin.be\/#\/schema\/person\/70c671b64eb39e446f9b3fe8cab23f85"},"description":"Sichern Sie sich den besten Verbraucherkredit und erfahren Sie, warum 27% der Europ\u00e4er ihn nutzen \u2013 jetzt klicken & mehr erfahren!","breadcrumb":{"@id":"https:\/\/www.credafin.be\/de\/privatkredit\/studie-27-der-europaer-zahlen-derzeit-einen-verbraucherkredit-zuruck#breadcrumb"},"inLanguage":"de-BE","potentialAction":[{"@type":"ReadAction","target":["https:\/\/www.credafin.be\/de\/privatkredit\/studie-27-der-europaer-zahlen-derzeit-einen-verbraucherkredit-zuruck"]}]},{"@type":"ImageObject","inLanguage":"de-BE","@id":"https:\/\/www.credafin.be\/de\/privatkredit\/studie-27-der-europaer-zahlen-derzeit-einen-verbraucherkredit-zuruck#primaryimage","url":"https:\/\/www.credafin.be\/wp-content\/uploads\/2018\/07\/credit-consommation-europe-etude-statistiques.jpg","contentUrl":"https:\/\/www.credafin.be\/wp-content\/uploads\/2018\/07\/credit-consommation-europe-etude-statistiques.jpg","width":780,"height":520,"caption":"\u00c9tude"},{"@type":"BreadcrumbList","@id":"https:\/\/www.credafin.be\/de\/privatkredit\/studie-27-der-europaer-zahlen-derzeit-einen-verbraucherkredit-zuruck#breadcrumb","itemListElement":[{"@type":"ListItem","position":1,"name":"Home","item":"https:\/\/www.credafin.be\/de\/credafin-ihre-kredite-zu-besten-zinsen"},{"@type":"ListItem","position":2,"name":"Studie: 27% der Europ\u00e4er zahlen derzeit einen Verbraucherkredit zur\u00fcck"}]},{"@type":"WebSite","@id":"https:\/\/www.credafin.be\/#website","url":"https:\/\/www.credafin.be\/","name":"Credafin","description":"Oxyg\u00e9nez votre budget en toute s\u00e9r\u00e9nit\u00e9","potentialAction":[{"@type":"SearchAction","target":{"@type":"EntryPoint","urlTemplate":"https:\/\/www.credafin.be\/?s={search_term_string}"},"query-input":{"@type":"PropertyValueSpecification","valueRequired":true,"valueName":"search_term_string"}}],"inLanguage":"de-BE"},{"@type":"Person","@id":"https:\/\/www.credafin.be\/#\/schema\/person\/70c671b64eb39e446f9b3fe8cab23f85","name":"Francis","image":{"@type":"ImageObject","inLanguage":"de-BE","@id":"https:\/\/secure.gravatar.com\/avatar\/95c37fb161955bf8a86a4b7cfe6027037cd233bc5e3224f68db964c5abd69002?s=96&d=mm&r=g","url":"https:\/\/secure.gravatar.com\/avatar\/95c37fb161955bf8a86a4b7cfe6027037cd233bc5e3224f68db964c5abd69002?s=96&d=mm&r=g","contentUrl":"https:\/\/secure.gravatar.com\/avatar\/95c37fb161955bf8a86a4b7cfe6027037cd233bc5e3224f68db964c5abd69002?s=96&d=mm&r=g","caption":"Francis"}}]}},"_links":{"self":[{"href":"https:\/\/www.credafin.be\/de\/wp-json\/wp\/v2\/posts\/6573","targetHints":{"allow":["GET"]}}],"collection":[{"href":"https:\/\/www.credafin.be\/de\/wp-json\/wp\/v2\/posts"}],"about":[{"href":"https:\/\/www.credafin.be\/de\/wp-json\/wp\/v2\/types\/post"}],"author":[{"embeddable":true,"href":"https:\/\/www.credafin.be\/de\/wp-json\/wp\/v2\/users\/22"}],"replies":[{"embeddable":true,"href":"https:\/\/www.credafin.be\/de\/wp-json\/wp\/v2\/comments?post=6573"}],"version-history":[{"count":4,"href":"https:\/\/www.credafin.be\/de\/wp-json\/wp\/v2\/posts\/6573\/revisions"}],"predecessor-version":[{"id":8093,"href":"https:\/\/www.credafin.be\/de\/wp-json\/wp\/v2\/posts\/6573\/revisions\/8093"}],"wp:featuredmedia":[{"embeddable":true,"href":"https:\/\/www.credafin.be\/de\/wp-json\/wp\/v2\/media\/6948"}],"wp:attachment":[{"href":"https:\/\/www.credafin.be\/de\/wp-json\/wp\/v2\/media?parent=6573"}],"wp:term":[{"taxonomy":"category","embeddable":true,"href":"https:\/\/www.credafin.be\/de\/wp-json\/wp\/v2\/categories?post=6573"},{"taxonomy":"post_tag","embeddable":true,"href":"https:\/\/www.credafin.be\/de\/wp-json\/wp\/v2\/tags?post=6573"}],"curies":[{"name":"wp","href":"https:\/\/api.w.org\/{rel}","templated":true}]}}