{"id":6569,"date":"2026-04-24T12:10:04","date_gmt":"2026-04-24T11:10:04","guid":{"rendered":"https:\/\/www.credafin.be\/nachrichten\/10-masnahmen-angekundigt-von-der-regierung-charles-michel-die-ihre-finanzen-betreffen"},"modified":"2026-04-24T12:10:04","modified_gmt":"2026-04-24T11:10:04","slug":"massnahmen-finanzen-charles-michel","status":"publish","type":"post","link":"https:\/\/www.credafin.be\/de\/nachrichten\/massnahmen-finanzen-charles-michel","title":{"rendered":"10 Ma&szlig;nahmen der Regierung, die Ihre Finanzen betreffen"},"content":{"rendered":"<p>Vor dem R\u00fccktritt des Premierministers Charles Michel hatte seine Regierung 10 Ma\u00dfnahmen vorgestellt, die die Finanzen der Belgier verbessern sollten. Was wird nach dieser neuen politischen Krise geschehen?<!--more--><br \/>\n<a class=\"btn btn-danger\" href=\"https:\/\/www.credafin.be\/de\/antrag-kredit-credafin\">Simulieren Sie Ihren Kredit online<\/a><\/p>\n<ol>\n<li>\n<h2>Mobilit\u00e4tsbudget<\/h2>\n<p>Diese Ma\u00dfnahme zielte darauf ab, die Firmenwagen der Arbeitnehmer gegen Elektro- oder Hybridfahrzeuge einzutauschen. Der Ministerrat hatte den Gesetzentwurf im Sommer 2018 genehmigt, w\u00e4hrend das Parlament diese Ma\u00dfnahme bis Ende 2018 pr\u00fcfen sollte. Die Abstimmung wird jedoch auf mindestens Januar 2019 verschoben.<\/li>\n<li>\n<h2>Reform des Gesellschaftsgesetzbuches<\/h2>\n<p>Die Reform des Gesellschaftsgesetzbuches ver\u00e4nderte tiefgreifend die m\u00f6glichen Gesellschaftsformen. Nur 4 Formen waren anstelle der aktuellen 7 vorgesehen. Die Abstimmung wurde verschoben, da der Staatsrat einen Monat Zeit hat, um sich zu bestimmten \u00c4nderungen zu \u00e4u\u00dfern. Anschlie\u00dfend muss eine neue Mehrheit gefunden werden, damit die Reform verabschiedet werden kann.<\/li>\n<li>\n<h2>Teilzeitrente<\/h2>\n<p>Arbeitnehmer \u00fcber 60 Jahren k\u00f6nnen halbtags arbeiten und gleichzeitig ihre Rente zur H\u00e4lfte beziehen. Wenn auch ein Vorentwurf im Oktober angenommen wurde, sind die Gespr\u00e4che zwischen den Sozialpartnern sowie zwischen N-VA, Open Vld und der Regierung ins Stocken geraten.<\/li>\n<li>\n<h2>Rentenfalle<\/h2>\n<p>Mit der neuen Steuerberechnung wird der Nettobetrag der Renten erh\u00f6ht. Vor dieser Ma\u00dfnahme sprach man von einer \u201eRentenfalle\u201c, bei der die Rentner geringere Einnahmen erzielten. Es scheint, dass diese Ma\u00dfnahme eingefroren ist, der am 23. November angenommene Vorentwurf hat keine weiteren Fortschritte gemacht.<\/li>\n<li>\n<h2>Elternurlaub im 9\/10<\/h2>\n<p>Diese Ma\u00dfnahme bedeutet, dass der Arbeitnehmer Elternurlaub nehmen kann und gleichzeitig 1\/10 seiner Arbeitszeit reduziert. Konkret w\u00fcrde er eine halbe Tag weniger pro Woche arbeiten. Es m\u00fcssen nur noch die notwendigen k\u00f6niglichen Ausf\u00fchrungsverordnungen erlassen werden.<\/li>\n<li>\n<h2>Vaterschaftsurlaub und Selbstst\u00e4ndige<\/h2>\n<p>Selbstst\u00e4ndige k\u00f6nnen in Zukunft einen Vaterschaftsurlaub genauso wie Arbeitnehmer nehmen. Es scheint, dass es einen breiten Konsens der politischen Parteien zu diesem Thema gibt. Daher ist es wahrscheinlich, dass die Ma\u00dfnahme nicht aufgegeben wird.<\/li>\n<li>\n<h2>Verteilung der au\u00dfergew\u00f6hnlichen Kosten<\/h2>\n<p>Es ist vorgesehen, dass eine Liste der au\u00dfergew\u00f6hnlichen Kosten, die die Eltern teilen m\u00fcssen, im Gesetz festgelegt wird. Fr\u00fcher teilten sich die Eltern nur die Bildungskosten nach ihrem Einkommen und mussten sich \u00fcber au\u00dfergew\u00f6hnliche Kosten einigen, was zu vielen Problemen f\u00fchrte.<\/li>\n<li>\n<h2>Energiekosten<\/h2>\n<p>Eine Vereinheitlichung der Stromrechnungen ist vorgesehen, da diese derzeit zu undurchsichtig sind. Die Vorschriften zu diesen Fragen sollten Anfang M\u00e4rz 2019 unterzeichnet werden, aber es ist ungewiss, ob die Beh\u00f6rden zu diesem Zeitpunkt handeln k\u00f6nnen.<\/li>\n<li>\n<h2>Steuererm\u00e4\u00dfigung von 120\u20ac<\/h2>\n<p>Die Steuererm\u00e4\u00dfigung von 120 Euro, die im Rahmen der Rechtsschutzversicherung vorgesehen war, um den Zugang zur Justiz zu verbessern, hat den Parlamentsbeschluss noch nicht passiert. Der Ministerrat hatte den Gesetzentwurf im November genehmigt.<\/li>\n<li>\n<h2>Pauschalentsch\u00e4digung f\u00fcr Freiwillige<\/h2>\n<p>Der Ministerrat hatte einen Gesetzentwurf genehmigt, der Freiwilligen eine pauschale, steuerfreie Entsch\u00e4digung gew\u00e4hrt. Die Nutzung ihres Fahrrads oder Autos k\u00f6nnte bis zu 2000 km pro Jahr entsch\u00e4digt werden, oder unbegrenzt f\u00fcr Freiwillige, die sich um Kranke oder Kinder k\u00fcmmern. Die Abstimmung im Parlament steht noch aus.<\/li>\n<\/ol>\n<p>Effektiver Jahreszins Ihres <a href=\"https:\/\/www.credafin.be\/de\/pret-personnel\">Privatkredits<\/a> oder <a href=\"https:\/\/www.credafin.be\/de\/kreditbundelung\">Kreditb\u00fcndelung.&nbsp;<\/a>Theoretisch wird es keine \u00c4nderung beim effektiven Jahreszins f\u00fcr den <a href=\"https:\/\/www.credafin.be\/de\/die-credafin-kredite\">Privatkredit oder die Kreditb\u00fcndelung<\/a> (<a href=\"https:\/\/www.credafin.be\/de\/ratenkredit\">Ratenkredit<\/a>) geben. Das ist eine gute Nachricht.<\/p>\n<p>Sie haben es verstanden, es wird nicht einfach sein, das finanzielle Gleichgewicht in allen Haushalten zu finden. Wenn Sie einen Schub brauchen, denken Sie an den <a href=\"https:\/\/www.credafin.be\/de\/pret-personnel\">Personalkredit von Credafin<\/a>. Wenn Sie Ihre monatlichen Ausgaben reduzieren m\u00f6chten, denken Sie an die<a href=\"https:\/\/www.credafin.be\/de\/kreditbundelung\"> Kreditb\u00fcndelung<\/a>!<\/p>\n","protected":false},"excerpt":{"rendered":"<p>Entdecken Sie die 10 wichtigsten \u00c4nderungen f\u00fcr Ihre Finanzen und profitieren Sie \u2013 jetzt lesen!<\/p>\n","protected":false},"author":22,"featured_media":6942,"comment_status":"closed","ping_status":"closed","sticky":false,"template":"","format":"standard","meta":{"_yoast_wpseo_focuskw":"Finanzen","_yoast_wpseo_title":"10 Ma\u00dfnahmen f\u00fcr Ihre Finanzen | Credafin","_yoast_wpseo_metadesc":"Lesen Sie jetzt, wie die Regierung Charles Michel Ihre Finanzen st\u00e4rkt und profitieren Sie von diesen 10 entscheidenden Ma\u00dfnahmen!","_yoast_wpseo_meta-robots-noindex":"","_yoast_wpseo_meta-robots-nofollow":"","_yoast_wpseo_canonical":"https:\/\/www.credafin.be\/de\/nachrichten\/massnahmen-finanzen-charles-michel","_yoast_wpseo_focuskw_text":"Finanzen","_yoast_wpseo_schema":"Article","footnotes":""},"categories":[59],"tags":[],"class_list":["post-6569","post","type-post","status-publish","format-standard","has-post-thumbnail","hentry","category-nachrichten"],"yoast_head":"<!-- This site is optimized with the Yoast SEO plugin v27.4 - https:\/\/yoast.com\/product\/yoast-seo-wordpress\/ -->\n<title>10 Ma\u00dfnahmen f\u00fcr Ihre Finanzen | Credafin<\/title>\n<meta name=\"description\" content=\"Lesen Sie jetzt, wie die Regierung Charles Michel Ihre Finanzen st\u00e4rkt und profitieren Sie von diesen 10 entscheidenden Ma\u00dfnahmen!\" \/>\n<meta name=\"robots\" content=\"index, follow, max-snippet:-1, max-image-preview:large, max-video-preview:-1\" \/>\n<link rel=\"canonical\" href=\"https:\/\/www.credafin.be\/de\/nachrichten\/massnahmen-finanzen-charles-michel\" \/>\n<meta property=\"og:locale\" content=\"de_DE\" \/>\n<meta property=\"og:type\" content=\"article\" \/>\n<meta property=\"og:title\" content=\"10 Ma\u00dfnahmen f\u00fcr Ihre Finanzen | Credafin\" \/>\n<meta property=\"og:description\" content=\"Lesen Sie jetzt, wie die Regierung Charles Michel Ihre Finanzen st\u00e4rkt und profitieren Sie von diesen 10 entscheidenden Ma\u00dfnahmen!\" \/>\n<meta property=\"og:url\" content=\"https:\/\/www.credafin.be\/de\/nachrichten\/massnahmen-finanzen-charles-michel\" \/>\n<meta property=\"og:site_name\" content=\"Credafin\" \/>\n<meta property=\"article:publisher\" content=\"http:\/\/www.facebook.com\/Credafin.be\" \/>\n<meta property=\"article:published_time\" content=\"2026-04-24T11:10:04+00:00\" \/>\n<meta property=\"og:image\" content=\"https:\/\/www.credafin.be\/wp-content\/uploads\/2017\/11\/contrat-credit.jpg\" \/>\n\t<meta property=\"og:image:width\" content=\"780\" \/>\n\t<meta property=\"og:image:height\" content=\"300\" \/>\n\t<meta property=\"og:image:type\" content=\"image\/jpeg\" \/>\n<meta name=\"author\" content=\"Francis\" \/>\n<meta name=\"twitter:card\" content=\"summary_large_image\" \/>\n<meta name=\"twitter:creator\" content=\"@Credafinbe\" \/>\n<meta name=\"twitter:site\" content=\"@Credafinbe\" \/>\n<meta name=\"twitter:label1\" content=\"Written by\" \/>\n\t<meta name=\"twitter:data1\" content=\"Francis\" \/>\n\t<meta name=\"twitter:label2\" content=\"Est. reading time\" \/>\n\t<meta name=\"twitter:data2\" content=\"3 minutes\" \/>\n<script type=\"application\/ld+json\" class=\"yoast-schema-graph\">{\"@context\":\"https:\\\/\\\/schema.org\",\"@graph\":[{\"@type\":\"Article\",\"@id\":\"https:\\\/\\\/www.credafin.be\\\/de\\\/nachrichten\\\/massnahmen-finanzen-charles-michel#article\",\"isPartOf\":{\"@id\":\"https:\\\/\\\/www.credafin.be\\\/de\\\/nachrichten\\\/massnahmen-finanzen-charles-michel\"},\"author\":{\"name\":\"Francis\",\"@id\":\"https:\\\/\\\/www.credafin.be\\\/#\\\/schema\\\/person\\\/70c671b64eb39e446f9b3fe8cab23f85\"},\"headline\":\"10 Ma&szlig;nahmen der Regierung, die Ihre Finanzen betreffen\",\"datePublished\":\"2026-04-24T11:10:04+00:00\",\"mainEntityOfPage\":{\"@id\":\"https:\\\/\\\/www.credafin.be\\\/de\\\/nachrichten\\\/massnahmen-finanzen-charles-michel\"},\"wordCount\":570,\"image\":{\"@id\":\"https:\\\/\\\/www.credafin.be\\\/de\\\/nachrichten\\\/massnahmen-finanzen-charles-michel#primaryimage\"},\"thumbnailUrl\":\"https:\\\/\\\/www.credafin.be\\\/wp-content\\\/uploads\\\/2017\\\/11\\\/contrat-credit.jpg\",\"articleSection\":[\"nachrichten\"],\"inLanguage\":\"de-BE\"},{\"@type\":\"WebPage\",\"@id\":\"https:\\\/\\\/www.credafin.be\\\/de\\\/nachrichten\\\/massnahmen-finanzen-charles-michel\",\"url\":\"https:\\\/\\\/www.credafin.be\\\/de\\\/nachrichten\\\/massnahmen-finanzen-charles-michel\",\"name\":\"10 Ma\u00dfnahmen f\u00fcr Ihre Finanzen | Credafin\",\"isPartOf\":{\"@id\":\"https:\\\/\\\/www.credafin.be\\\/#website\"},\"primaryImageOfPage\":{\"@id\":\"https:\\\/\\\/www.credafin.be\\\/de\\\/nachrichten\\\/massnahmen-finanzen-charles-michel#primaryimage\"},\"image\":{\"@id\":\"https:\\\/\\\/www.credafin.be\\\/de\\\/nachrichten\\\/massnahmen-finanzen-charles-michel#primaryimage\"},\"thumbnailUrl\":\"https:\\\/\\\/www.credafin.be\\\/wp-content\\\/uploads\\\/2017\\\/11\\\/contrat-credit.jpg\",\"datePublished\":\"2026-04-24T11:10:04+00:00\",\"author\":{\"@id\":\"https:\\\/\\\/www.credafin.be\\\/#\\\/schema\\\/person\\\/70c671b64eb39e446f9b3fe8cab23f85\"},\"description\":\"Lesen Sie jetzt, wie die Regierung Charles Michel Ihre Finanzen st\u00e4rkt und profitieren Sie von diesen 10 entscheidenden Ma\u00dfnahmen!\",\"breadcrumb\":{\"@id\":\"https:\\\/\\\/www.credafin.be\\\/de\\\/nachrichten\\\/massnahmen-finanzen-charles-michel#breadcrumb\"},\"inLanguage\":\"de-BE\",\"potentialAction\":[{\"@type\":\"ReadAction\",\"target\":[\"https:\\\/\\\/www.credafin.be\\\/de\\\/nachrichten\\\/massnahmen-finanzen-charles-michel\"]}]},{\"@type\":\"ImageObject\",\"inLanguage\":\"de-BE\",\"@id\":\"https:\\\/\\\/www.credafin.be\\\/de\\\/nachrichten\\\/massnahmen-finanzen-charles-michel#primaryimage\",\"url\":\"https:\\\/\\\/www.credafin.be\\\/wp-content\\\/uploads\\\/2017\\\/11\\\/contrat-credit.jpg\",\"contentUrl\":\"https:\\\/\\\/www.credafin.be\\\/wp-content\\\/uploads\\\/2017\\\/11\\\/contrat-credit.jpg\",\"width\":780,\"height\":300,\"caption\":\"r\u00e9vision de pr\u00eat hypoth\u00e9caire\"},{\"@type\":\"BreadcrumbList\",\"@id\":\"https:\\\/\\\/www.credafin.be\\\/de\\\/nachrichten\\\/massnahmen-finanzen-charles-michel#breadcrumb\",\"itemListElement\":[{\"@type\":\"ListItem\",\"position\":1,\"name\":\"Home\",\"item\":\"https:\\\/\\\/www.credafin.be\\\/de\\\/credafin-ihre-kredite-zu-besten-zinsen\"},{\"@type\":\"ListItem\",\"position\":2,\"name\":\"10 Ma&szlig;nahmen der Regierung, die Ihre Finanzen betreffen\"}]},{\"@type\":\"WebSite\",\"@id\":\"https:\\\/\\\/www.credafin.be\\\/#website\",\"url\":\"https:\\\/\\\/www.credafin.be\\\/\",\"name\":\"Credafin\",\"description\":\"Oxyg\u00e9nez votre budget en toute s\u00e9r\u00e9nit\u00e9\",\"potentialAction\":[{\"@type\":\"SearchAction\",\"target\":{\"@type\":\"EntryPoint\",\"urlTemplate\":\"https:\\\/\\\/www.credafin.be\\\/?s={search_term_string}\"},\"query-input\":{\"@type\":\"PropertyValueSpecification\",\"valueRequired\":true,\"valueName\":\"search_term_string\"}}],\"inLanguage\":\"de-BE\"},{\"@type\":\"Person\",\"@id\":\"https:\\\/\\\/www.credafin.be\\\/#\\\/schema\\\/person\\\/70c671b64eb39e446f9b3fe8cab23f85\",\"name\":\"Francis\",\"image\":{\"@type\":\"ImageObject\",\"inLanguage\":\"de-BE\",\"@id\":\"https:\\\/\\\/secure.gravatar.com\\\/avatar\\\/95c37fb161955bf8a86a4b7cfe6027037cd233bc5e3224f68db964c5abd69002?s=96&d=mm&r=g\",\"url\":\"https:\\\/\\\/secure.gravatar.com\\\/avatar\\\/95c37fb161955bf8a86a4b7cfe6027037cd233bc5e3224f68db964c5abd69002?s=96&d=mm&r=g\",\"contentUrl\":\"https:\\\/\\\/secure.gravatar.com\\\/avatar\\\/95c37fb161955bf8a86a4b7cfe6027037cd233bc5e3224f68db964c5abd69002?s=96&d=mm&r=g\",\"caption\":\"Francis\"}}]}<\/script>\n<!-- \/ Yoast SEO plugin. -->","yoast_head_json":{"title":"10 Ma\u00dfnahmen f\u00fcr Ihre Finanzen | Credafin","description":"Lesen Sie jetzt, wie die Regierung Charles Michel Ihre Finanzen st\u00e4rkt und profitieren Sie von diesen 10 entscheidenden Ma\u00dfnahmen!","robots":{"index":"index","follow":"follow","max-snippet":"max-snippet:-1","max-image-preview":"max-image-preview:large","max-video-preview":"max-video-preview:-1"},"canonical":"https:\/\/www.credafin.be\/de\/nachrichten\/massnahmen-finanzen-charles-michel","og_locale":"de_DE","og_type":"article","og_title":"10 Ma\u00dfnahmen f\u00fcr Ihre Finanzen | Credafin","og_description":"Lesen Sie jetzt, wie die Regierung Charles Michel Ihre Finanzen st\u00e4rkt und profitieren Sie von diesen 10 entscheidenden Ma\u00dfnahmen!","og_url":"https:\/\/www.credafin.be\/de\/nachrichten\/massnahmen-finanzen-charles-michel","og_site_name":"Credafin","article_publisher":"http:\/\/www.facebook.com\/Credafin.be","article_published_time":"2026-04-24T11:10:04+00:00","og_image":[{"width":780,"height":300,"url":"https:\/\/www.credafin.be\/wp-content\/uploads\/2017\/11\/contrat-credit.jpg","type":"image\/jpeg"}],"author":"Francis","twitter_card":"summary_large_image","twitter_creator":"@Credafinbe","twitter_site":"@Credafinbe","twitter_misc":{"Written by":"Francis","Est. reading time":"3 minutes"},"schema":{"@context":"https:\/\/schema.org","@graph":[{"@type":"Article","@id":"https:\/\/www.credafin.be\/de\/nachrichten\/massnahmen-finanzen-charles-michel#article","isPartOf":{"@id":"https:\/\/www.credafin.be\/de\/nachrichten\/massnahmen-finanzen-charles-michel"},"author":{"name":"Francis","@id":"https:\/\/www.credafin.be\/#\/schema\/person\/70c671b64eb39e446f9b3fe8cab23f85"},"headline":"10 Ma&szlig;nahmen der Regierung, die Ihre Finanzen betreffen","datePublished":"2026-04-24T11:10:04+00:00","mainEntityOfPage":{"@id":"https:\/\/www.credafin.be\/de\/nachrichten\/massnahmen-finanzen-charles-michel"},"wordCount":570,"image":{"@id":"https:\/\/www.credafin.be\/de\/nachrichten\/massnahmen-finanzen-charles-michel#primaryimage"},"thumbnailUrl":"https:\/\/www.credafin.be\/wp-content\/uploads\/2017\/11\/contrat-credit.jpg","articleSection":["nachrichten"],"inLanguage":"de-BE"},{"@type":"WebPage","@id":"https:\/\/www.credafin.be\/de\/nachrichten\/massnahmen-finanzen-charles-michel","url":"https:\/\/www.credafin.be\/de\/nachrichten\/massnahmen-finanzen-charles-michel","name":"10 Ma\u00dfnahmen f\u00fcr Ihre Finanzen | Credafin","isPartOf":{"@id":"https:\/\/www.credafin.be\/#website"},"primaryImageOfPage":{"@id":"https:\/\/www.credafin.be\/de\/nachrichten\/massnahmen-finanzen-charles-michel#primaryimage"},"image":{"@id":"https:\/\/www.credafin.be\/de\/nachrichten\/massnahmen-finanzen-charles-michel#primaryimage"},"thumbnailUrl":"https:\/\/www.credafin.be\/wp-content\/uploads\/2017\/11\/contrat-credit.jpg","datePublished":"2026-04-24T11:10:04+00:00","author":{"@id":"https:\/\/www.credafin.be\/#\/schema\/person\/70c671b64eb39e446f9b3fe8cab23f85"},"description":"Lesen Sie jetzt, wie die Regierung Charles Michel Ihre Finanzen st\u00e4rkt und profitieren Sie von diesen 10 entscheidenden Ma\u00dfnahmen!","breadcrumb":{"@id":"https:\/\/www.credafin.be\/de\/nachrichten\/massnahmen-finanzen-charles-michel#breadcrumb"},"inLanguage":"de-BE","potentialAction":[{"@type":"ReadAction","target":["https:\/\/www.credafin.be\/de\/nachrichten\/massnahmen-finanzen-charles-michel"]}]},{"@type":"ImageObject","inLanguage":"de-BE","@id":"https:\/\/www.credafin.be\/de\/nachrichten\/massnahmen-finanzen-charles-michel#primaryimage","url":"https:\/\/www.credafin.be\/wp-content\/uploads\/2017\/11\/contrat-credit.jpg","contentUrl":"https:\/\/www.credafin.be\/wp-content\/uploads\/2017\/11\/contrat-credit.jpg","width":780,"height":300,"caption":"r\u00e9vision de pr\u00eat hypoth\u00e9caire"},{"@type":"BreadcrumbList","@id":"https:\/\/www.credafin.be\/de\/nachrichten\/massnahmen-finanzen-charles-michel#breadcrumb","itemListElement":[{"@type":"ListItem","position":1,"name":"Home","item":"https:\/\/www.credafin.be\/de\/credafin-ihre-kredite-zu-besten-zinsen"},{"@type":"ListItem","position":2,"name":"10 Ma&szlig;nahmen der Regierung, die Ihre Finanzen betreffen"}]},{"@type":"WebSite","@id":"https:\/\/www.credafin.be\/#website","url":"https:\/\/www.credafin.be\/","name":"Credafin","description":"Oxyg\u00e9nez votre budget en toute s\u00e9r\u00e9nit\u00e9","potentialAction":[{"@type":"SearchAction","target":{"@type":"EntryPoint","urlTemplate":"https:\/\/www.credafin.be\/?s={search_term_string}"},"query-input":{"@type":"PropertyValueSpecification","valueRequired":true,"valueName":"search_term_string"}}],"inLanguage":"de-BE"},{"@type":"Person","@id":"https:\/\/www.credafin.be\/#\/schema\/person\/70c671b64eb39e446f9b3fe8cab23f85","name":"Francis","image":{"@type":"ImageObject","inLanguage":"de-BE","@id":"https:\/\/secure.gravatar.com\/avatar\/95c37fb161955bf8a86a4b7cfe6027037cd233bc5e3224f68db964c5abd69002?s=96&d=mm&r=g","url":"https:\/\/secure.gravatar.com\/avatar\/95c37fb161955bf8a86a4b7cfe6027037cd233bc5e3224f68db964c5abd69002?s=96&d=mm&r=g","contentUrl":"https:\/\/secure.gravatar.com\/avatar\/95c37fb161955bf8a86a4b7cfe6027037cd233bc5e3224f68db964c5abd69002?s=96&d=mm&r=g","caption":"Francis"}}]}},"_links":{"self":[{"href":"https:\/\/www.credafin.be\/de\/wp-json\/wp\/v2\/posts\/6569","targetHints":{"allow":["GET"]}}],"collection":[{"href":"https:\/\/www.credafin.be\/de\/wp-json\/wp\/v2\/posts"}],"about":[{"href":"https:\/\/www.credafin.be\/de\/wp-json\/wp\/v2\/types\/post"}],"author":[{"embeddable":true,"href":"https:\/\/www.credafin.be\/de\/wp-json\/wp\/v2\/users\/22"}],"replies":[{"embeddable":true,"href":"https:\/\/www.credafin.be\/de\/wp-json\/wp\/v2\/comments?post=6569"}],"version-history":[{"count":5,"href":"https:\/\/www.credafin.be\/de\/wp-json\/wp\/v2\/posts\/6569\/revisions"}],"predecessor-version":[{"id":8353,"href":"https:\/\/www.credafin.be\/de\/wp-json\/wp\/v2\/posts\/6569\/revisions\/8353"}],"wp:featuredmedia":[{"embeddable":true,"href":"https:\/\/www.credafin.be\/de\/wp-json\/wp\/v2\/media\/6942"}],"wp:attachment":[{"href":"https:\/\/www.credafin.be\/de\/wp-json\/wp\/v2\/media?parent=6569"}],"wp:term":[{"taxonomy":"category","embeddable":true,"href":"https:\/\/www.credafin.be\/de\/wp-json\/wp\/v2\/categories?post=6569"},{"taxonomy":"post_tag","embeddable":true,"href":"https:\/\/www.credafin.be\/de\/wp-json\/wp\/v2\/tags?post=6569"}],"curies":[{"name":"wp","href":"https:\/\/api.w.org\/{rel}","templated":true}]}}