{"id":6561,"date":"2026-04-24T04:44:13","date_gmt":"2026-04-24T03:44:13","guid":{"rendered":"https:\/\/www.credafin.be\/privatkredit\/wie-viel-kann-ich-fur-einen-privatkredit-leihen"},"modified":"2026-04-24T04:44:13","modified_gmt":"2026-04-24T03:44:13","slug":"wie-viel-kann-ich-fur-einen-privatkredit-leihen","status":"publish","type":"post","link":"https:\/\/www.credafin.be\/de\/privatkredit\/wie-viel-kann-ich-fur-einen-privatkredit-leihen","title":{"rendered":"Wie viel kann ich f\u00fcr einen Privatkredit leihen?"},"content":{"rendered":"<p>Um zu wissen, wie viel Sie f\u00fcr Ihren <a href=\"https:\/\/www.credafin.be\/de\/pret-personnel\">Privatkredit leihen k\u00f6nnen<\/a>, m\u00fcssen Sie zun\u00e4chst Ihre Kreditf\u00e4higkeit kennen. Dies entspricht dem maximalen anzufordernden Betrag, und eine genaue Berechnung erm\u00f6glicht es, dies zu ermitteln. <a class=\"btn btn-danger\" href=\"https:\/\/www.credafin.be\/de\/pret-personnel\">Simulieren Sie Ihren Privatkredit<\/a> <!--more--> <\/p>\n<h2>Die Berechnung der Kreditf\u00e4higkeit<\/h2>\n<p> Um sie zu kennen, sollten Sie Ihre finanzielle Situation zum Zeitpunkt der Anfrage ber\u00fccksichtigen. Fr\u00fchere Vorf\u00e4lle, insbesondere Zahlungsschwierigkeiten, sind ebenfalls zu ber\u00fccksichtigen. Die aktuelle Verschuldungsrate zeigt an, wie viel noch verf\u00fcgbar ist. <\/p>\n<h2>Ein minimaler Betrag zum Leben<\/h2>\n<p> Um die richtige Summe zu leihen, m\u00fcssen Sie wissen, dass Banken die monatliche Summe von 900 Euro als notwendig zum Leben erachten. Nachdem die Ausgaben wie Miete, Kredite und Versicherungen gezahlt wurden, sollte dieser Betrag verf\u00fcgbar sein. Jedes Finanzinstitut hat jedoch seine eigenen Kriterien f\u00fcr einen <a href=\"https:\/\/www.credafin.be\/de\/pret-personnel\">Privatkredit<\/a>. Einige Kreditgeber sind flexibler und entscheiden von Fall zu Fall. &nbsp; &nbsp; <\/p>\n<h2><b>H\u00e4ufig gestellte Fragen finden Sie unten:<\/b><\/h2>\n<p> <span><ul>\n<li><a href=\"https:\/\/www.credafin.be\/de\/privatkredit\/wie-viel-kann-ich-fur-einen-privatkredit-leihen\">Wie viel kann ich f\u00fcr einen Privatkredit leihen?<\/a><\/li>\n<li><a href=\"https:\/\/www.credafin.be\/de\/privatkredit\/wie-bekommt-man-einen-personlichen-kredit\">Wie bekommt man einen Privatkredit?<\/a><\/li>\n<li><a href=\"https:\/\/www.credafin.be\/de\/privatkredit\/wie-berechnet-man-die-zinsen-eines-privatkredits\">Wie berechnet man die Zinsen eines Privatkredits?<\/a><\/li>\n<li><a href=\"https:\/\/www.credafin.be\/de\/privatkredit\/welches-personaldarlehen-wahlen\">Welchen Privatkredit sollte man w\u00e4hlen?<\/a><\/li>\n<li><a href=\"https:\/\/www.credafin.be\/de\/privatkredit\/welches-motiv-fur-einen-personalkredit\">Welcher Verwendungszweck f\u00fcr einen Privatkredit?<\/a><\/li>\n<li><a href=\"https:\/\/www.credafin.be\/de\/privatkredit\/welches-motiv-fur-einen-personalkredit\">Privatkredit bei verheirateten Paaren: Fokus auf den pers\u00f6nlichen Kredit in Belgien<\/a><\/li>\n<li><a href=\"https:\/\/www.credafin.be\/de\/privatkredit\/wieviel-kann-ich-mit-einem-privatkredit-leihen\">Wie viel kann ich mit einem Privatkredit leihen?<\/a><\/li>\n<li><a href=\"https:\/\/www.credafin.be\/de\/privatkredit\/wie-kann-man-seinen-privatkredit-neu-verhandeln\">Wie kann man seinen Privatkredit neu verhandeln?<\/a><\/li>\n<li><a href=\"https:\/\/www.credafin.be\/de\/ausleihen\/welche-dokumente-sind-notwendig-um-einen-kredit-zu-beantragen\">Welche Dokumente werden f\u00fcr die Beantragung eines Kredits ben\u00f6tigt?<\/a><\/li>\n<li><a href=\"https:\/\/www.credafin.be\/de\/ausleihen\/welche-dokumente-sind-notwendig-um-einen-kredit-zu-beantragen\">Wer leiht Geld unkompliziert?<\/a><\/li>\n<li><a href=\"https:\/\/www.credafin.be\/de\/privatkredit\/welcher-kredit-fr-den-kauf-eines-parkhauses\">Welcher Kredit f\u00fcr den Kauf eines Parkplatzes?<\/a><\/li>\n<li><a href=\"https:\/\/www.credafin.be\/de\/renovierungsdarlehen\/welcher-kredit-fur-bauarbeiten\">Welchen Kredit f\u00fcr Renovierungsarbeiten w\u00e4hlen?<\/a><\/li>\n<li><a href=\"https:\/\/www.credafin.be\/de\/privatkredit\/personliches-darlehen-wie-lange-bis-die-gelder-freigegeben-sind\">Wie lange dauert es, bis ein Privatkredit ausgezahlt wird?<\/a><\/li>\n<li><a href=\"https:\/\/www.credafin.be\/de\/privatkredit\/wie-bekommt-man-einen-personalkredit\">Wie bekommt man einen Privatkredit?<\/a><\/li>\n<li><a href=\"https:\/\/www.credafin.be\/de\/privatkredit\/welches-darlehen-fur-welches-gehalt\">Welchen Kredit kann man je nach Gehalt bekommen?<\/a><\/li>\n<li><a href=\"https:\/\/www.credafin.be\/de\/privatkredit\/welches-darlehen-fur-einen-pool\">Welcher Kredit f\u00fcr einen Pool?<\/a><\/li>\n<\/ul>\n<\/span><\/p>\n","protected":false},"excerpt":{"rendered":"<p>Finden Sie heraus, wie viel Privatkredit Sie leihen k\u00f6nnen \u2013 jetzt klicken und starten!<\/p>\n","protected":false},"author":22,"featured_media":4926,"comment_status":"closed","ping_status":"closed","sticky":false,"template":"","format":"standard","meta":{"_yoast_wpseo_focuskw":"Privatkredit","_yoast_wpseo_title":"Wie viel kann ich f\u00fcr einen Privatkredit leihen? | Credafin","_yoast_wpseo_metadesc":"Ermitteln Sie Ihren maximalen Privatkredit und genie\u00dfen Sie finanzielle Freiheit \u2013 jetzt mehr erfahren!","_yoast_wpseo_meta-robots-noindex":"","_yoast_wpseo_meta-robots-nofollow":"","_yoast_wpseo_canonical":"https:\/\/www.credafin.be\/de\/privatkredit\/wie-viel-kann-ich-fur-einen-privatkredit-leihen","_yoast_wpseo_focuskw_text":"Privatkredit","_yoast_wpseo_schema":"Article","footnotes":""},"categories":[61],"tags":[34,78],"class_list":["post-6561","post","type-post","status-publish","format-standard","has-post-thumbnail","hentry","category-privatkredit","tag-faq","tag-faq-de"],"yoast_head":"<!-- This site is optimized with the Yoast SEO plugin v27.4 - https:\/\/yoast.com\/product\/yoast-seo-wordpress\/ -->\n<title>Wie viel kann ich f\u00fcr einen Privatkredit leihen? | Credafin<\/title>\n<meta name=\"description\" content=\"Ermitteln Sie Ihren maximalen Privatkredit und genie\u00dfen Sie finanzielle Freiheit \u2013 jetzt mehr erfahren!\" \/>\n<meta name=\"robots\" content=\"index, follow, max-snippet:-1, max-image-preview:large, max-video-preview:-1\" \/>\n<link rel=\"canonical\" href=\"https:\/\/www.credafin.be\/de\/privatkredit\/wie-viel-kann-ich-fur-einen-privatkredit-leihen\" \/>\n<meta property=\"og:locale\" content=\"de_DE\" \/>\n<meta property=\"og:type\" content=\"article\" \/>\n<meta property=\"og:title\" content=\"Wie viel kann ich f\u00fcr einen Privatkredit leihen? | Credafin\" \/>\n<meta property=\"og:description\" content=\"Ermitteln Sie Ihren maximalen Privatkredit und genie\u00dfen Sie finanzielle Freiheit \u2013 jetzt mehr erfahren!\" \/>\n<meta property=\"og:url\" content=\"https:\/\/www.credafin.be\/de\/privatkredit\/wie-viel-kann-ich-fur-einen-privatkredit-leihen\" \/>\n<meta property=\"og:site_name\" content=\"Credafin\" \/>\n<meta property=\"article:publisher\" content=\"http:\/\/www.facebook.com\/Credafin.be\" \/>\n<meta property=\"article:published_time\" content=\"2026-04-24T03:44:13+00:00\" \/>\n<meta property=\"og:image\" content=\"https:\/\/www.credafin.be\/wp-content\/uploads\/2019\/01\/shutterstock_136980221.jpg\" \/>\n\t<meta property=\"og:image:width\" content=\"768\" \/>\n\t<meta property=\"og:image:height\" content=\"295\" \/>\n\t<meta property=\"og:image:type\" content=\"image\/jpeg\" \/>\n<meta name=\"author\" content=\"Francis\" \/>\n<meta name=\"twitter:card\" content=\"summary_large_image\" \/>\n<meta name=\"twitter:creator\" content=\"@Credafinbe\" \/>\n<meta name=\"twitter:site\" content=\"@Credafinbe\" \/>\n<meta name=\"twitter:label1\" content=\"Written by\" \/>\n\t<meta name=\"twitter:data1\" content=\"Francis\" \/>\n\t<meta name=\"twitter:label2\" content=\"Est. reading time\" \/>\n\t<meta name=\"twitter:data2\" content=\"1 minute\" \/>\n<script type=\"application\/ld+json\" class=\"yoast-schema-graph\">{\"@context\":\"https:\\\/\\\/schema.org\",\"@graph\":[{\"@type\":\"Article\",\"@id\":\"https:\\\/\\\/www.credafin.be\\\/de\\\/privatkredit\\\/wie-viel-kann-ich-fur-einen-privatkredit-leihen#article\",\"isPartOf\":{\"@id\":\"https:\\\/\\\/www.credafin.be\\\/de\\\/privatkredit\\\/wie-viel-kann-ich-fur-einen-privatkredit-leihen\"},\"author\":{\"name\":\"Francis\",\"@id\":\"https:\\\/\\\/www.credafin.be\\\/#\\\/schema\\\/person\\\/70c671b64eb39e446f9b3fe8cab23f85\"},\"headline\":\"Wie viel kann ich f\u00fcr einen Privatkredit leihen?\",\"datePublished\":\"2026-04-24T03:44:13+00:00\",\"mainEntityOfPage\":{\"@id\":\"https:\\\/\\\/www.credafin.be\\\/de\\\/privatkredit\\\/wie-viel-kann-ich-fur-einen-privatkredit-leihen\"},\"wordCount\":169,\"image\":{\"@id\":\"https:\\\/\\\/www.credafin.be\\\/de\\\/privatkredit\\\/wie-viel-kann-ich-fur-einen-privatkredit-leihen#primaryimage\"},\"thumbnailUrl\":\"https:\\\/\\\/www.credafin.be\\\/wp-content\\\/uploads\\\/2019\\\/01\\\/shutterstock_136980221.jpg\",\"keywords\":[\"faq\",\"FAQ\"],\"articleSection\":[\"Privatkredit\"],\"inLanguage\":\"de-BE\"},{\"@type\":\"WebPage\",\"@id\":\"https:\\\/\\\/www.credafin.be\\\/de\\\/privatkredit\\\/wie-viel-kann-ich-fur-einen-privatkredit-leihen\",\"url\":\"https:\\\/\\\/www.credafin.be\\\/de\\\/privatkredit\\\/wie-viel-kann-ich-fur-einen-privatkredit-leihen\",\"name\":\"Wie viel kann ich f\u00fcr einen Privatkredit leihen? | Credafin\",\"isPartOf\":{\"@id\":\"https:\\\/\\\/www.credafin.be\\\/#website\"},\"primaryImageOfPage\":{\"@id\":\"https:\\\/\\\/www.credafin.be\\\/de\\\/privatkredit\\\/wie-viel-kann-ich-fur-einen-privatkredit-leihen#primaryimage\"},\"image\":{\"@id\":\"https:\\\/\\\/www.credafin.be\\\/de\\\/privatkredit\\\/wie-viel-kann-ich-fur-einen-privatkredit-leihen#primaryimage\"},\"thumbnailUrl\":\"https:\\\/\\\/www.credafin.be\\\/wp-content\\\/uploads\\\/2019\\\/01\\\/shutterstock_136980221.jpg\",\"datePublished\":\"2026-04-24T03:44:13+00:00\",\"author\":{\"@id\":\"https:\\\/\\\/www.credafin.be\\\/#\\\/schema\\\/person\\\/70c671b64eb39e446f9b3fe8cab23f85\"},\"description\":\"Ermitteln Sie Ihren maximalen Privatkredit und genie\u00dfen Sie finanzielle Freiheit \u2013 jetzt mehr erfahren!\",\"breadcrumb\":{\"@id\":\"https:\\\/\\\/www.credafin.be\\\/de\\\/privatkredit\\\/wie-viel-kann-ich-fur-einen-privatkredit-leihen#breadcrumb\"},\"inLanguage\":\"de-BE\",\"potentialAction\":[{\"@type\":\"ReadAction\",\"target\":[\"https:\\\/\\\/www.credafin.be\\\/de\\\/privatkredit\\\/wie-viel-kann-ich-fur-einen-privatkredit-leihen\"]}]},{\"@type\":\"ImageObject\",\"inLanguage\":\"de-BE\",\"@id\":\"https:\\\/\\\/www.credafin.be\\\/de\\\/privatkredit\\\/wie-viel-kann-ich-fur-einen-privatkredit-leihen#primaryimage\",\"url\":\"https:\\\/\\\/www.credafin.be\\\/wp-content\\\/uploads\\\/2019\\\/01\\\/shutterstock_136980221.jpg\",\"contentUrl\":\"https:\\\/\\\/www.credafin.be\\\/wp-content\\\/uploads\\\/2019\\\/01\\\/shutterstock_136980221.jpg\",\"width\":768,\"height\":295,\"caption\":\"Belgique pour racheter son pr\u00eat hypoth\u00e9caire\"},{\"@type\":\"BreadcrumbList\",\"@id\":\"https:\\\/\\\/www.credafin.be\\\/de\\\/privatkredit\\\/wie-viel-kann-ich-fur-einen-privatkredit-leihen#breadcrumb\",\"itemListElement\":[{\"@type\":\"ListItem\",\"position\":1,\"name\":\"Home\",\"item\":\"https:\\\/\\\/www.credafin.be\\\/de\\\/credafin-ihre-kredite-zu-besten-zinsen\"},{\"@type\":\"ListItem\",\"position\":2,\"name\":\"Wie viel kann ich f\u00fcr einen Privatkredit leihen?\"}]},{\"@type\":\"WebSite\",\"@id\":\"https:\\\/\\\/www.credafin.be\\\/#website\",\"url\":\"https:\\\/\\\/www.credafin.be\\\/\",\"name\":\"Credafin\",\"description\":\"Oxyg\u00e9nez votre budget en toute s\u00e9r\u00e9nit\u00e9\",\"potentialAction\":[{\"@type\":\"SearchAction\",\"target\":{\"@type\":\"EntryPoint\",\"urlTemplate\":\"https:\\\/\\\/www.credafin.be\\\/?s={search_term_string}\"},\"query-input\":{\"@type\":\"PropertyValueSpecification\",\"valueRequired\":true,\"valueName\":\"search_term_string\"}}],\"inLanguage\":\"de-BE\"},{\"@type\":\"Person\",\"@id\":\"https:\\\/\\\/www.credafin.be\\\/#\\\/schema\\\/person\\\/70c671b64eb39e446f9b3fe8cab23f85\",\"name\":\"Francis\",\"image\":{\"@type\":\"ImageObject\",\"inLanguage\":\"de-BE\",\"@id\":\"https:\\\/\\\/secure.gravatar.com\\\/avatar\\\/95c37fb161955bf8a86a4b7cfe6027037cd233bc5e3224f68db964c5abd69002?s=96&d=mm&r=g\",\"url\":\"https:\\\/\\\/secure.gravatar.com\\\/avatar\\\/95c37fb161955bf8a86a4b7cfe6027037cd233bc5e3224f68db964c5abd69002?s=96&d=mm&r=g\",\"contentUrl\":\"https:\\\/\\\/secure.gravatar.com\\\/avatar\\\/95c37fb161955bf8a86a4b7cfe6027037cd233bc5e3224f68db964c5abd69002?s=96&d=mm&r=g\",\"caption\":\"Francis\"}}]}<\/script>\n<!-- \/ Yoast SEO plugin. -->","yoast_head_json":{"title":"Wie viel kann ich f\u00fcr einen Privatkredit leihen? | Credafin","description":"Ermitteln Sie Ihren maximalen Privatkredit und genie\u00dfen Sie finanzielle Freiheit \u2013 jetzt mehr erfahren!","robots":{"index":"index","follow":"follow","max-snippet":"max-snippet:-1","max-image-preview":"max-image-preview:large","max-video-preview":"max-video-preview:-1"},"canonical":"https:\/\/www.credafin.be\/de\/privatkredit\/wie-viel-kann-ich-fur-einen-privatkredit-leihen","og_locale":"de_DE","og_type":"article","og_title":"Wie viel kann ich f\u00fcr einen Privatkredit leihen? | Credafin","og_description":"Ermitteln Sie Ihren maximalen Privatkredit und genie\u00dfen Sie finanzielle Freiheit \u2013 jetzt mehr erfahren!","og_url":"https:\/\/www.credafin.be\/de\/privatkredit\/wie-viel-kann-ich-fur-einen-privatkredit-leihen","og_site_name":"Credafin","article_publisher":"http:\/\/www.facebook.com\/Credafin.be","article_published_time":"2026-04-24T03:44:13+00:00","og_image":[{"width":768,"height":295,"url":"https:\/\/www.credafin.be\/wp-content\/uploads\/2019\/01\/shutterstock_136980221.jpg","type":"image\/jpeg"}],"author":"Francis","twitter_card":"summary_large_image","twitter_creator":"@Credafinbe","twitter_site":"@Credafinbe","twitter_misc":{"Written by":"Francis","Est. reading time":"1 minute"},"schema":{"@context":"https:\/\/schema.org","@graph":[{"@type":"Article","@id":"https:\/\/www.credafin.be\/de\/privatkredit\/wie-viel-kann-ich-fur-einen-privatkredit-leihen#article","isPartOf":{"@id":"https:\/\/www.credafin.be\/de\/privatkredit\/wie-viel-kann-ich-fur-einen-privatkredit-leihen"},"author":{"name":"Francis","@id":"https:\/\/www.credafin.be\/#\/schema\/person\/70c671b64eb39e446f9b3fe8cab23f85"},"headline":"Wie viel kann ich f\u00fcr einen Privatkredit leihen?","datePublished":"2026-04-24T03:44:13+00:00","mainEntityOfPage":{"@id":"https:\/\/www.credafin.be\/de\/privatkredit\/wie-viel-kann-ich-fur-einen-privatkredit-leihen"},"wordCount":169,"image":{"@id":"https:\/\/www.credafin.be\/de\/privatkredit\/wie-viel-kann-ich-fur-einen-privatkredit-leihen#primaryimage"},"thumbnailUrl":"https:\/\/www.credafin.be\/wp-content\/uploads\/2019\/01\/shutterstock_136980221.jpg","keywords":["faq","FAQ"],"articleSection":["Privatkredit"],"inLanguage":"de-BE"},{"@type":"WebPage","@id":"https:\/\/www.credafin.be\/de\/privatkredit\/wie-viel-kann-ich-fur-einen-privatkredit-leihen","url":"https:\/\/www.credafin.be\/de\/privatkredit\/wie-viel-kann-ich-fur-einen-privatkredit-leihen","name":"Wie viel kann ich f\u00fcr einen Privatkredit leihen? | Credafin","isPartOf":{"@id":"https:\/\/www.credafin.be\/#website"},"primaryImageOfPage":{"@id":"https:\/\/www.credafin.be\/de\/privatkredit\/wie-viel-kann-ich-fur-einen-privatkredit-leihen#primaryimage"},"image":{"@id":"https:\/\/www.credafin.be\/de\/privatkredit\/wie-viel-kann-ich-fur-einen-privatkredit-leihen#primaryimage"},"thumbnailUrl":"https:\/\/www.credafin.be\/wp-content\/uploads\/2019\/01\/shutterstock_136980221.jpg","datePublished":"2026-04-24T03:44:13+00:00","author":{"@id":"https:\/\/www.credafin.be\/#\/schema\/person\/70c671b64eb39e446f9b3fe8cab23f85"},"description":"Ermitteln Sie Ihren maximalen Privatkredit und genie\u00dfen Sie finanzielle Freiheit \u2013 jetzt mehr erfahren!","breadcrumb":{"@id":"https:\/\/www.credafin.be\/de\/privatkredit\/wie-viel-kann-ich-fur-einen-privatkredit-leihen#breadcrumb"},"inLanguage":"de-BE","potentialAction":[{"@type":"ReadAction","target":["https:\/\/www.credafin.be\/de\/privatkredit\/wie-viel-kann-ich-fur-einen-privatkredit-leihen"]}]},{"@type":"ImageObject","inLanguage":"de-BE","@id":"https:\/\/www.credafin.be\/de\/privatkredit\/wie-viel-kann-ich-fur-einen-privatkredit-leihen#primaryimage","url":"https:\/\/www.credafin.be\/wp-content\/uploads\/2019\/01\/shutterstock_136980221.jpg","contentUrl":"https:\/\/www.credafin.be\/wp-content\/uploads\/2019\/01\/shutterstock_136980221.jpg","width":768,"height":295,"caption":"Belgique pour racheter son pr\u00eat hypoth\u00e9caire"},{"@type":"BreadcrumbList","@id":"https:\/\/www.credafin.be\/de\/privatkredit\/wie-viel-kann-ich-fur-einen-privatkredit-leihen#breadcrumb","itemListElement":[{"@type":"ListItem","position":1,"name":"Home","item":"https:\/\/www.credafin.be\/de\/credafin-ihre-kredite-zu-besten-zinsen"},{"@type":"ListItem","position":2,"name":"Wie viel kann ich f\u00fcr einen Privatkredit leihen?"}]},{"@type":"WebSite","@id":"https:\/\/www.credafin.be\/#website","url":"https:\/\/www.credafin.be\/","name":"Credafin","description":"Oxyg\u00e9nez votre budget en toute s\u00e9r\u00e9nit\u00e9","potentialAction":[{"@type":"SearchAction","target":{"@type":"EntryPoint","urlTemplate":"https:\/\/www.credafin.be\/?s={search_term_string}"},"query-input":{"@type":"PropertyValueSpecification","valueRequired":true,"valueName":"search_term_string"}}],"inLanguage":"de-BE"},{"@type":"Person","@id":"https:\/\/www.credafin.be\/#\/schema\/person\/70c671b64eb39e446f9b3fe8cab23f85","name":"Francis","image":{"@type":"ImageObject","inLanguage":"de-BE","@id":"https:\/\/secure.gravatar.com\/avatar\/95c37fb161955bf8a86a4b7cfe6027037cd233bc5e3224f68db964c5abd69002?s=96&d=mm&r=g","url":"https:\/\/secure.gravatar.com\/avatar\/95c37fb161955bf8a86a4b7cfe6027037cd233bc5e3224f68db964c5abd69002?s=96&d=mm&r=g","contentUrl":"https:\/\/secure.gravatar.com\/avatar\/95c37fb161955bf8a86a4b7cfe6027037cd233bc5e3224f68db964c5abd69002?s=96&d=mm&r=g","caption":"Francis"}}]}},"_links":{"self":[{"href":"https:\/\/www.credafin.be\/de\/wp-json\/wp\/v2\/posts\/6561","targetHints":{"allow":["GET"]}}],"collection":[{"href":"https:\/\/www.credafin.be\/de\/wp-json\/wp\/v2\/posts"}],"about":[{"href":"https:\/\/www.credafin.be\/de\/wp-json\/wp\/v2\/types\/post"}],"author":[{"embeddable":true,"href":"https:\/\/www.credafin.be\/de\/wp-json\/wp\/v2\/users\/22"}],"replies":[{"embeddable":true,"href":"https:\/\/www.credafin.be\/de\/wp-json\/wp\/v2\/comments?post=6561"}],"version-history":[{"count":4,"href":"https:\/\/www.credafin.be\/de\/wp-json\/wp\/v2\/posts\/6561\/revisions"}],"predecessor-version":[{"id":8120,"href":"https:\/\/www.credafin.be\/de\/wp-json\/wp\/v2\/posts\/6561\/revisions\/8120"}],"wp:featuredmedia":[{"embeddable":true,"href":"https:\/\/www.credafin.be\/de\/wp-json\/wp\/v2\/media\/4926"}],"wp:attachment":[{"href":"https:\/\/www.credafin.be\/de\/wp-json\/wp\/v2\/media?parent=6561"}],"wp:term":[{"taxonomy":"category","embeddable":true,"href":"https:\/\/www.credafin.be\/de\/wp-json\/wp\/v2\/categories?post=6561"},{"taxonomy":"post_tag","embeddable":true,"href":"https:\/\/www.credafin.be\/de\/wp-json\/wp\/v2\/tags?post=6561"}],"curies":[{"name":"wp","href":"https:\/\/api.w.org\/{rel}","templated":true}]}}